{"id":110274,"date":"2025-12-18T16:29:12","date_gmt":"2025-12-18T16:29:12","guid":{"rendered":"https:\/\/www.europesays.com\/se\/110274\/"},"modified":"2025-12-18T16:29:12","modified_gmt":"2025-12-18T16:29:12","slug":"beslutet-forfallna-husen-i-varberg-tvangsforvaltas-inte","status":"publish","type":"post","link":"https:\/\/www.europesays.com\/se\/110274\/","title":{"rendered":"Beslutet: F\u00f6rfallna husen i V\u00e5rberg tv\u00e5ngsf\u00f6rvaltas inte"},"content":{"rendered":"<p>I \u00e5rtionden har boende p\u00e5 Fj\u00e4rdholmsgr\u00e4nd i V\u00e5rberg i s\u00f6dra Stockholm sett sina hyreshus f\u00f6rfalla. Hyresg\u00e4stf\u00f6reningen har beskrivit situationen som <a href=\"https:\/\/www.svt.se\/nyheter\/lokalt\/stockholm\/larmet-fran-forfallna-hyreshusen-kan-inte-ta-hit-barnbarnen\" data-discover=\"true\" rel=\"nofollow noopener\" target=\"_blank\">en fara f\u00f6r h\u00e4lsa och liv<\/a>.<\/p>\n<p>I v\u00e5ras ans\u00f6kte de om omedelbar tv\u00e5ngsf\u00f6rvaltning och under h\u00f6sten har fr\u00e5gan pr\u00f6vats i hyresn\u00e4mnden. D\u00e4r har bland annat boende vittnat om det bristande underh\u00e5llet. En av dem \u00e4r Ivica Buco som SVT tr\u00e4ffat: <\/p>\n<p>P\u00e5 torsdagen kom hyresn\u00e4mndens beslut och de avsl\u00e5r Hyresg\u00e4stf\u00f6reningens yrkande om tv\u00e5ngsf\u00f6rvaltning. <\/p>\n<p>\u201dEnligt hyresn\u00e4mndens bed\u00f6mning \u00e4r de brister som p\u00e5pekats av den karakt\u00e4ren att det i normalfallet hade varit aktuellt att \u00f6verv\u00e4ga att st\u00e4lla fastigheten under tv\u00e5ngsf\u00f6rvaltning. Dock har hyresv\u00e4rden nu vidtagit m\u00e5nga och l\u00e5ngtg\u00e5ende \u00e5tg\u00e4rder f\u00f6r att komma till r\u00e4tta med brister\u201d, st\u00e5r det i beslutet.<\/p>\n<p>Inte l\u00e4ngre fara f\u00f6r h\u00e4lsa och liv<\/p>\n<p>En stor risk som Hyresg\u00e4stf\u00f6reningen lyfte upp var fasadputsen som rasade. Enligt domen har en byggnadsingenj\u00f6r och stadsbyggnadskontoret nu kunnat konstatera att det inte l\u00e4ngre finns n\u00e5gon akut fara f\u00f6r liv och h\u00e4lsa. <\/p>\n<p>Det st\u00e5r ocks\u00e5 att flera av hyresg\u00e4sterna upplevt f\u00f6rb\u00e4ttringar i utomhusmilj\u00f6n under h\u00f6sten. <\/p>\n<p>D\u00e4remot finns det en del brister kopplat till varmvattnet som hyresn\u00e4mnden beslutat att fastighets\u00e4garen m\u00e5ste \u00e5tg\u00e4rda inom en m\u00e5nad.<\/p>\n<p>V\u00e5rdsl\u00f6s processf\u00f6ring<\/p>\n<p>Hyresg\u00e4stf\u00f6reningen m\u00e5ste nu ers\u00e4tta fastighetsbolaget f\u00f6r r\u00e4tteg\u00e5ngskostnader p\u00e5 50\u00a0000 kronor. N\u00e4mnden menar att de gjort sig skyldiga till \u201dv\u00e5rdsl\u00f6s processf\u00f6ring\u201d eftersom ny bevisning presenterats l\u00f6pande vilket dragit ut p\u00e5 \u00e4rendet. <\/p>\n<p>\u2013 Det \u00e4r en uppfattning som vi inte delar. Vi skulle ju ocks\u00e5 kunna yrka p\u00e5 v\u00e5rdsl\u00f6s processf\u00f6ring eftersom hyresv\u00e4rden har processat p\u00e5 precis samma s\u00e4tt och det \u00e4r det \u00e4r en av anledningarna till att vi har varit tvungna att bem\u00f6ta saker i v\u00e4ldigt sena skeenden, s\u00e4ger Jens Waldenstr\u00f6m vid Hyresg\u00e4stf\u00f6reningen. <\/p>\n<p>Hyresg\u00e4stf\u00f6reningen kommer att \u00f6verklaga. <\/p>\n<p>\u2013 Det h\u00e4r beslutet s\u00e4nder en signal som kan uppfattas som ett frikort f\u00f6r hyresv\u00e4rdar att inte ta ansvar. I slut\u00e4ndan kan man missk\u00f6ta sitt hus under tiotals \u00e5r och sen n\u00e4r n\u00e5gon ans\u00f6ker s\u00e5 kan man f\u00f6rs\u00f6ka r\u00e4tta till allt i sista sekund. Det \u00e4r ganska kostnadseffektivt.<\/p>\n","protected":false},"excerpt":{"rendered":"I \u00e5rtionden har boende p\u00e5 Fj\u00e4rdholmsgr\u00e4nd i V\u00e5rberg i s\u00f6dra Stockholm sett sina hyreshus f\u00f6rfalla. Hyresg\u00e4stf\u00f6reningen har beskrivit&hellip;\n","protected":false},"author":2,"featured_media":110275,"comment_status":"","ping_status":"","sticky":false,"template":"","format":"standard","meta":{"footnotes":""},"categories":[14],"tags":[22,23,26,27,17,21,24,25,28,29,15,16,18,34,31,33,32,30,19,20,51,52,53,54],"class_list":{"0":"post-110274","1":"post","2":"type-post","3":"status-publish","4":"format-standard","5":"has-post-thumbnail","7":"category-varlden","8":"tag-breaking-news","9":"tag-breakingnews","10":"tag-featured-news","11":"tag-featurednews","12":"tag-headlines","13":"tag-huvudnyheter","14":"tag-latest-news","15":"tag-latestnews","16":"tag-main-news","17":"tag-mainnews","18":"tag-news","19":"tag-nyheter","20":"tag-rubriker","21":"tag-se","22":"tag-svenska","23":"tag-sverige","24":"tag-sweden","25":"tag-swedish","26":"tag-top-stories","27":"tag-topstories","28":"tag-varlden","29":"tag-world","30":"tag-world-news","31":"tag-worldnews"},"share_on_mastodon":{"url":"https:\/\/pubeurope.com\/@se\/115741521821623459","error":""},"_links":{"self":[{"href":"https:\/\/www.europesays.com\/se\/wp-json\/wp\/v2\/posts\/110274","targetHints":{"allow":["GET"]}}],"collection":[{"href":"https:\/\/www.europesays.com\/se\/wp-json\/wp\/v2\/posts"}],"about":[{"href":"https:\/\/www.europesays.com\/se\/wp-json\/wp\/v2\/types\/post"}],"author":[{"embeddable":true,"href":"https:\/\/www.europesays.com\/se\/wp-json\/wp\/v2\/users\/2"}],"replies":[{"embeddable":true,"href":"https:\/\/www.europesays.com\/se\/wp-json\/wp\/v2\/comments?post=110274"}],"version-history":[{"count":0,"href":"https:\/\/www.europesays.com\/se\/wp-json\/wp\/v2\/posts\/110274\/revisions"}],"wp:featuredmedia":[{"embeddable":true,"href":"https:\/\/www.europesays.com\/se\/wp-json\/wp\/v2\/media\/110275"}],"wp:attachment":[{"href":"https:\/\/www.europesays.com\/se\/wp-json\/wp\/v2\/media?parent=110274"}],"wp:term":[{"taxonomy":"category","embeddable":true,"href":"https:\/\/www.europesays.com\/se\/wp-json\/wp\/v2\/categories?post=110274"},{"taxonomy":"post_tag","embeddable":true,"href":"https:\/\/www.europesays.com\/se\/wp-json\/wp\/v2\/tags?post=110274"}],"curies":[{"name":"wp","href":"https:\/\/api.w.org\/{rel}","templated":true}]}}