{"id":110278,"date":"2025-12-18T16:31:38","date_gmt":"2025-12-18T16:31:38","guid":{"rendered":"https:\/\/www.europesays.com\/se\/110278\/"},"modified":"2025-12-18T16:31:38","modified_gmt":"2025-12-18T16:31:38","slug":"forandringar-for-forskolan-som-borjar-galla-2026","status":"publish","type":"post","link":"https:\/\/www.europesays.com\/se\/110278\/","title":{"rendered":"F\u00f6r\u00e4ndringar f\u00f6r f\u00f6rskolan som b\u00f6rjar g\u00e4lla 2026"},"content":{"rendered":"<p><strong>F\u00f6r\u00e4ndringar i f\u00f6rskolans st\u00e4ngningsdagar och \u00f6ppettider<\/strong><\/p>\n<ul class=\" env-text-list font-normal\">\n<li>F\u00f6rskolor f\u00e5r ha fem st\u00e4ngda dagar per \u00e5r, i st\u00e4llet f\u00f6r fyra. Dagen anv\u00e4nds f\u00f6r att medarbetare ska kunna planera och utveckla verksamheten.<\/li>\n<li>En g\u00e5ng per m\u00e5nad kan f\u00f6rskolan st\u00e4nga klockan 16.00. Det ger alla medarbetare m\u00f6jlighet att vara med p\u00e5 och ha en gemensam tid f\u00f6r planering, kompetensutveckling och uppf\u00f6ljning av arbetet.<\/li>\n<\/ul>\n<p class=\"font-normal\">Respektive f\u00f6rskola informerar v\u00e5rdnadshavare vilka dagar och tider som g\u00e4ller.<\/p>\n<p class=\"font-normal\">Du kan ocks\u00e5 hitta dagarna h\u00e4r p\u00e5 kommunens webbplats:<br \/><a href=\"https:\/\/www.strangnas.se\/utbildning-och-barnomsorg\/forskola\/oppettider-och-planeringsdagar-for-forskola\" rel=\"nofollow noopener\" target=\"_blank\">\u00d6ppettider och planeringsdagar f\u00f6r f\u00f6rskola &#8211; Str\u00e4ngn\u00e4s kommun<\/a><\/p>\n<p><strong>K\u00f6 till f\u00f6rskola<\/strong><\/p>\n<p class=\"font-normal\">Efter man har svarat p\u00e5 ett erbjudande st\u00e4ngs ans\u00f6kan. Vill man byta f\u00f6rskola efter ha tackat ja eller \u00f6nskar plats efter ha tackat nej beh\u00f6ver man g\u00f6ra ny ans\u00f6kan.<\/p>\n<p class=\"font-normal\">F\u00f6r\u00e4ndringen g\u00f6r k\u00f6systemet mer r\u00e4ttvist; k\u00f6erna blir kortare och platser g\u00e5r till dem som verkligen vill byta f\u00f6rskola.<\/p>\n<p class=\"font-normal\">H\u00e4r ans\u00f6ker man om barnomsorg: <a href=\"https:\/\/www.strangnas.se\/utbildning-och-barnomsorg\/forskola\/ansokan-och-avgifter\/ansok-och-bekrafta-plats-pa-forskola\" rel=\"nofollow noopener\" target=\"_blank\">Ans\u00f6k och bekr\u00e4fta plats p\u00e5 f\u00f6rskola &#8211; Str\u00e4ngn\u00e4s kommun<\/a><\/p>\n<p><strong>Upps\u00e4gning av plats \u00e4ndras till 60 dagar<\/strong><\/p>\n<p class=\"font-normal\">Upps\u00e4gningstiden \u00e4ndras fr\u00e5n tv\u00e5 m\u00e5nader till 60 dagar. Det inneb\u00e4r att upps\u00e4gningstiden blir densamma \u00e5ret om, oavsett hur m\u00e5nga dagar en m\u00e5nad har.<\/p>\n<p><strong>Maxtaxa 2026 \u2013 nytt inkomsttak<\/strong><\/p>\n<p class=\"font-normal\">Skolverket har fastst\u00e4llt ett nytt inkomsttak f\u00f6r maxtaxan 2026. Inkomsttaket f\u00f6r f\u00f6rskola och fritidshem h\u00f6js till 61 560 kronor per m\u00e5nad.<\/p>\n<p class=\"font-normal\">Avgiften f\u00f6r f\u00f6rskola och fritidshem baseras p\u00e5 hush\u00e5llets sammanlagda inkomst. Avgiften ber\u00e4knas som en procentsats av inkomsten, men bara upp till inkomsttaket. Det betyder att om hush\u00e5llets inkomst \u00e4r h\u00f6gre \u00e4n inkomsttaket p\u00e5verkar det inte avgiften \u2013 hush\u00e5llet betalar aldrig mer \u00e4n maxtaxan.<\/p>\n<p class=\"font-normal\"><a href=\"https:\/\/www.strangnas.se\/utbildning-och-barnomsorg\/forskola\/ansokan-och-avgifter\/avgift-och-regler\" rel=\"nofollow noopener\" target=\"_blank\">Information om avgiftsniv\u00e5erna hittar du p\u00e5 strangnas.se<\/a><\/p>\n","protected":false},"excerpt":{"rendered":"F\u00f6r\u00e4ndringar i f\u00f6rskolans st\u00e4ngningsdagar och \u00f6ppettider F\u00f6rskolor f\u00e5r ha fem st\u00e4ngda dagar per \u00e5r, i st\u00e4llet f\u00f6r fyra.&hellip;\n","protected":false},"author":2,"featured_media":22253,"comment_status":"","ping_status":"","sticky":false,"template":"","format":"standard","meta":{"footnotes":""},"categories":[5],"tags":[22,23,26,27,17,21,24,25,28,29,15,16,18,34,1546,31,33,32,30,19,20],"class_list":{"0":"post-110278","1":"post","2":"type-post","3":"status-publish","4":"format-standard","5":"has-post-thumbnail","7":"category-rubriker","8":"tag-breaking-news","9":"tag-breakingnews","10":"tag-featured-news","11":"tag-featurednews","12":"tag-headlines","13":"tag-huvudnyheter","14":"tag-latest-news","15":"tag-latestnews","16":"tag-main-news","17":"tag-mainnews","18":"tag-news","19":"tag-nyheter","20":"tag-rubriker","21":"tag-se","22":"tag-strangnas","23":"tag-svenska","24":"tag-sverige","25":"tag-sweden","26":"tag-swedish","27":"tag-top-stories","28":"tag-topstories"},"share_on_mastodon":{"url":"https:\/\/pubeurope.com\/@se\/115741529433171826","error":""},"_links":{"self":[{"href":"https:\/\/www.europesays.com\/se\/wp-json\/wp\/v2\/posts\/110278","targetHints":{"allow":["GET"]}}],"collection":[{"href":"https:\/\/www.europesays.com\/se\/wp-json\/wp\/v2\/posts"}],"about":[{"href":"https:\/\/www.europesays.com\/se\/wp-json\/wp\/v2\/types\/post"}],"author":[{"embeddable":true,"href":"https:\/\/www.europesays.com\/se\/wp-json\/wp\/v2\/users\/2"}],"replies":[{"embeddable":true,"href":"https:\/\/www.europesays.com\/se\/wp-json\/wp\/v2\/comments?post=110278"}],"version-history":[{"count":0,"href":"https:\/\/www.europesays.com\/se\/wp-json\/wp\/v2\/posts\/110278\/revisions"}],"wp:featuredmedia":[{"embeddable":true,"href":"https:\/\/www.europesays.com\/se\/wp-json\/wp\/v2\/media\/22253"}],"wp:attachment":[{"href":"https:\/\/www.europesays.com\/se\/wp-json\/wp\/v2\/media?parent=110278"}],"wp:term":[{"taxonomy":"category","embeddable":true,"href":"https:\/\/www.europesays.com\/se\/wp-json\/wp\/v2\/categories?post=110278"},{"taxonomy":"post_tag","embeddable":true,"href":"https:\/\/www.europesays.com\/se\/wp-json\/wp\/v2\/tags?post=110278"}],"curies":[{"name":"wp","href":"https:\/\/api.w.org\/{rel}","templated":true}]}}