{"id":110298,"date":"2025-12-18T16:50:20","date_gmt":"2025-12-18T16:50:20","guid":{"rendered":"https:\/\/www.europesays.com\/se\/110298\/"},"modified":"2025-12-18T16:50:20","modified_gmt":"2025-12-18T16:50:20","slug":"par-wahlstrom-dod-syntes-i-populart-svt-program","status":"publish","type":"post","link":"https:\/\/www.europesays.com\/se\/110298\/","title":{"rendered":"P\u00e4r Wahlstr\u00f6m d\u00f6d \u2013 syntes i popul\u00e4rt SVT-program"},"content":{"rendered":"<p>L\u00e4raren P\u00e4r Wahlstr\u00f6m \u00e4r d\u00f6d, skriver sonen Kalle Zackari Wahlstr\u00f6m p\u00e5 Instagram. Han blev 77 \u00e5r. <\/p>\n<p>\u201dG\u00f6ran Tunstr\u00f6m har beskrivit f\u00f6rlusten av en mamma som att man mister ett v\u00e4derstreck. F\u00f6r mig k\u00e4nns P\u00e4rs d\u00f6d som att jag blivit av med hela kompassen\u201d, skriver Zackari Wahlstr\u00f6m till Aftonbladet.<\/p>\n<p>P\u00e4r Wahlstr\u00f6m syntes flera g\u00e5nger i sonen och sv\u00e4gerskan Britta Zackaris program \u201dHj\u00e4lp, vi har k\u00f6pt en bondg\u00e5rd!\u201d p\u00e5 SVT. Under sin yrkeskarri\u00e4r gav han ocks\u00e5 ut flera utbildningsb\u00f6cker.<\/p>\n<p>Omni \u00e4r politiskt obundna och oberoende. Vi str\u00e4var efter att ge fler perspektiv p\u00e5 nyheterna. Har du fr\u00e5gor eller synpunkter kring v\u00e5r rapportering? <a href=\"https:\/\/omni.se\/par-wahlstrom-dod-syntes-i-populart-svt-program\/a\/mailto:redaktion@omni.se\" class=\"ArticleActions_contactLink__W2F1M\" rel=\"nofollow noopener\" target=\"_blank\">Kontakta redaktionen<\/a><\/p>\n","protected":false},"excerpt":{"rendered":"L\u00e4raren P\u00e4r Wahlstr\u00f6m \u00e4r d\u00f6d, skriver sonen Kalle Zackari Wahlstr\u00f6m p\u00e5 Instagram. Han blev 77 \u00e5r. \u201dG\u00f6ran Tunstr\u00f6m&hellip;\n","protected":false},"author":2,"featured_media":110299,"comment_status":"","ping_status":"","sticky":false,"template":"","format":"standard","meta":{"footnotes":""},"categories":[67],"tags":[12203,104,12202,34,31,33,586,32,30,105],"class_list":{"0":"post-110298","1":"post","2":"type-post","3":"status-publish","4":"format-standard","5":"has-post-thumbnail","7":"category-underhallning","8":"tag-brita-zackari","9":"tag-entertainment","10":"tag-kalle-zackari-wahlstrom","11":"tag-se","12":"tag-svenska","13":"tag-sverige","14":"tag-svt","15":"tag-sweden","16":"tag-swedish","17":"tag-underhallning"},"share_on_mastodon":{"url":"https:\/\/pubeurope.com\/@se\/115741604118090536","error":""},"_links":{"self":[{"href":"https:\/\/www.europesays.com\/se\/wp-json\/wp\/v2\/posts\/110298","targetHints":{"allow":["GET"]}}],"collection":[{"href":"https:\/\/www.europesays.com\/se\/wp-json\/wp\/v2\/posts"}],"about":[{"href":"https:\/\/www.europesays.com\/se\/wp-json\/wp\/v2\/types\/post"}],"author":[{"embeddable":true,"href":"https:\/\/www.europesays.com\/se\/wp-json\/wp\/v2\/users\/2"}],"replies":[{"embeddable":true,"href":"https:\/\/www.europesays.com\/se\/wp-json\/wp\/v2\/comments?post=110298"}],"version-history":[{"count":0,"href":"https:\/\/www.europesays.com\/se\/wp-json\/wp\/v2\/posts\/110298\/revisions"}],"wp:featuredmedia":[{"embeddable":true,"href":"https:\/\/www.europesays.com\/se\/wp-json\/wp\/v2\/media\/110299"}],"wp:attachment":[{"href":"https:\/\/www.europesays.com\/se\/wp-json\/wp\/v2\/media?parent=110298"}],"wp:term":[{"taxonomy":"category","embeddable":true,"href":"https:\/\/www.europesays.com\/se\/wp-json\/wp\/v2\/categories?post=110298"},{"taxonomy":"post_tag","embeddable":true,"href":"https:\/\/www.europesays.com\/se\/wp-json\/wp\/v2\/tags?post=110298"}],"curies":[{"name":"wp","href":"https:\/\/api.w.org\/{rel}","templated":true}]}}