{"id":110315,"date":"2025-12-18T17:06:40","date_gmt":"2025-12-18T17:06:40","guid":{"rendered":"https:\/\/www.europesays.com\/se\/110315\/"},"modified":"2025-12-18T17:06:40","modified_gmt":"2025-12-18T17:06:40","slug":"mordade-stjarnregissorens-son-har-installt-sig-i-ratten-skanska-dagbladet-2","status":"publish","type":"post","link":"https:\/\/www.europesays.com\/se\/110315\/","title":{"rendered":"M\u00f6rdade stj\u00e4rnregiss\u00f6rens son har inst\u00e4llt sig i r\u00e4tten &#8211; Sk\u00e5nska Dagbladet"},"content":{"rendered":"<ol>\n<li><a href=\"https:\/\/news.google.com\/rss\/articles\/CBMiiwFBVV95cUxNa2RqNnNibERKc1FfeFprZEYtQmo4S3hkR01OUEp3OGk2M0g0V3NLVDFJcmZIVkcxcEFlWThqelZoNVRiM1hDc3ZpV0JCcVJqU3AtMVVRNEhERF9fa001bmthYU5XVjc2R2ZLTWEzTU5ZYnkyU0pycmFIbF8zWVVqaWdZMFI0N0t0X1RZ?oc=5\" target=\"_blank\" rel=\"nofollow noopener\">M\u00f6rdade stj\u00e4rnregiss\u00f6rens son har inst\u00e4llt sig i r\u00e4tten<\/a>&nbsp;&nbsp;Sk\u00e5nska Dagbladet<\/li>\n<li><a href=\"https:\/\/news.google.com\/rss\/articles\/CBMiqgFBVV95cUxQVl9aZnBXcUx1M0Nhc01jZlFXcENtUmQwN2hDZ2wyQks3eEtnaXlQb1ljZTdMN2Fhc29JSHNNbVFwZmpVNTlEOXdTQnU4RkpqbllPVllUSDgybTlCc0tvX05zclVma3pUUFc2MlVBdy0ybUdXVEVxSWJMSDFhUjNta1g1bUFjLXBnN0JwVm1XV0RReTFjTFZnMy1qalJqbW82N293dUFaanlKUQ?oc=5\" target=\"_blank\" rel=\"nofollow noopener\">Rob och Michele Reiners d\u00f6dsorsak fastst\u00e4lld<\/a>&nbsp;&nbsp;Aftonbladet<\/li>\n<li><a href=\"https:\/\/news.google.com\/rss\/articles\/CBMilgFBVV95cUxOdUVWUkhsWGtXTXgtbTdFVWk5RTMxcG1PNEY2a0Q5MGxQY3plZHA3bWp1UTE4NWpZd3hSMXRJVHFvZjhmTks3Nm9GSjh6RkZCZTd0c1UtVG1wV1k5dFJPc25Vb1M4Z0ZmV1I4OFllQ0x2Vm85MTEyMlpqS1FZNmFzNVdvaGZaU3ZyNVE2b3A0SHJjcDVQTWc?oc=5\" target=\"_blank\" rel=\"nofollow noopener\">Br\u00e5kade p\u00e5 julfest \u2013 kv\u00e4llen f\u00f6re mordet<\/a>&nbsp;&nbsp;SvD<\/li>\n<li><a href=\"https:\/\/news.google.com\/rss\/articles\/CBMigwFBVV95cUxPdDl2d0IzM1RacTJ2S2d3RTVBcmhlYUdnanNFYXlXZlB1ZUdyYkVNWm5jTGtVTnowTUhBbnZCcnJUOENic1duSmNTR1ktVjFsa1RKejFVaHNLS0ZZeXBFdGgtZEg2cllzbnNJWGJlNU1nLVp5YmEweU5BSTd5LVJ6Q1BXTQ?oc=5\" target=\"_blank\" rel=\"nofollow noopener\">K\u00e4llor: Sonen betedde sig m\u00e4rkligt p\u00e5 O\u2019Briens julfest<\/a>&nbsp;&nbsp;Omni<\/li>\n<li><a href=\"https:\/\/news.google.com\/rss\/articles\/CBMigAFBVV95cUxQNV9tNGd1TGhtcWNORWtIYXdRRnpMYlg5anJKaF9GZUtFVndVQ0tJOXloNGtkbGhLSWZ3cVRkTElyS0ZTRWlSNmRaMEVVZVJfRHlEX2tQc3lVZGc1cF9TR0F0QWlWd3laenAxek1nbDVNWFRPeDg1YUk3WWZ4bDV4bA?oc=5\" target=\"_blank\" rel=\"nofollow noopener\">Trumps hatiska inl\u00e4gg kan sl\u00e5 tillbaka 17 december 2025 &#8211; USApodden<\/a>&nbsp;&nbsp;Sveriges Radio<\/li>\n<\/ol>\n","protected":false},"excerpt":{"rendered":"M\u00f6rdade stj\u00e4rnregiss\u00f6rens son har inst\u00e4llt sig i r\u00e4tten&nbsp;&nbsp;Sk\u00e5nska Dagbladet Rob och Michele Reiners d\u00f6dsorsak fastst\u00e4lld&nbsp;&nbsp;Aftonbladet Br\u00e5kade p\u00e5 julfest&hellip;\n","protected":false},"author":2,"featured_media":109513,"comment_status":"","ping_status":"","sticky":false,"template":"","format":"standard","meta":{"footnotes":""},"categories":[67],"tags":[104,34,31,33,32,30,105],"class_list":{"0":"post-110315","1":"post","2":"type-post","3":"status-publish","4":"format-standard","5":"has-post-thumbnail","7":"category-underhallning","8":"tag-entertainment","9":"tag-se","10":"tag-svenska","11":"tag-sverige","12":"tag-sweden","13":"tag-swedish","14":"tag-underhallning"},"share_on_mastodon":{"url":"https:\/\/pubeurope.com\/@se\/115741667078214417","error":""},"_links":{"self":[{"href":"https:\/\/www.europesays.com\/se\/wp-json\/wp\/v2\/posts\/110315","targetHints":{"allow":["GET"]}}],"collection":[{"href":"https:\/\/www.europesays.com\/se\/wp-json\/wp\/v2\/posts"}],"about":[{"href":"https:\/\/www.europesays.com\/se\/wp-json\/wp\/v2\/types\/post"}],"author":[{"embeddable":true,"href":"https:\/\/www.europesays.com\/se\/wp-json\/wp\/v2\/users\/2"}],"replies":[{"embeddable":true,"href":"https:\/\/www.europesays.com\/se\/wp-json\/wp\/v2\/comments?post=110315"}],"version-history":[{"count":0,"href":"https:\/\/www.europesays.com\/se\/wp-json\/wp\/v2\/posts\/110315\/revisions"}],"wp:featuredmedia":[{"embeddable":true,"href":"https:\/\/www.europesays.com\/se\/wp-json\/wp\/v2\/media\/109513"}],"wp:attachment":[{"href":"https:\/\/www.europesays.com\/se\/wp-json\/wp\/v2\/media?parent=110315"}],"wp:term":[{"taxonomy":"category","embeddable":true,"href":"https:\/\/www.europesays.com\/se\/wp-json\/wp\/v2\/categories?post=110315"},{"taxonomy":"post_tag","embeddable":true,"href":"https:\/\/www.europesays.com\/se\/wp-json\/wp\/v2\/tags?post=110315"}],"curies":[{"name":"wp","href":"https:\/\/api.w.org\/{rel}","templated":true}]}}