{"id":110350,"date":"2025-12-18T17:41:22","date_gmt":"2025-12-18T17:41:22","guid":{"rendered":"https:\/\/www.europesays.com\/se\/110350\/"},"modified":"2025-12-18T17:41:22","modified_gmt":"2025-12-18T17:41:22","slug":"miljardaffar-klar-darfor-satsar-trump-media-pa-karnkraft","status":"publish","type":"post","link":"https:\/\/www.europesays.com\/se\/110350\/","title":{"rendered":"Miljardaff\u00e4r klar: D\u00e4rf\u00f6r satsar Trump Media p\u00e5 k\u00e4rnkraft"},"content":{"rendered":"<p class=\"\">Via fusion kommer <strong><a class=\"null text-blue-link underline\" href=\"https:\/\/efn.se\/bors\/instrument\/2343\/djt\/oversikt\" rel=\"nofollow noopener\" target=\"_blank\">Trump Media and Technology Group<\/a><\/strong><strong> <\/strong>och <strong>TAE Technologies <\/strong>att bilda ett gemensamt, b\u00f6rsnoterat bolag med en v\u00e4rdering p\u00e5 6 miljarder dollar.<\/p>\n<p class=\"\">Enligt TAE bildas d\u00e4rmed \u201dett av v\u00e4rldens f\u00f6rsta b\u00f6rshandlade bolag inom fusionskraft\u201d.<\/p>\n<p class=\"\">Draget placerar Trump Media, med USA:s president som passiv \u00e4gare av 52 procent av aktierna via en stiftelse, i centrum av den energiutbyggnad som efterfr\u00e5gas f\u00f6r att ge kraft \u00e5t AI-kappl\u00f6pningens datacenter och digitala infrastruktur.<\/p>\n<p class=\"\">Den skenande efterfr\u00e5gan p\u00e5 elektricitet har gjort energibolag som <strong><a class=\"null text-blue-link underline\" href=\"https:\/\/efn.se\/bors\/instrument\/2343\/ceg\/oversikt\" rel=\"nofollow noopener\" target=\"_blank\">Constellation Energy<\/a><\/strong><strong> <\/strong>till nyckelspelare p\u00e5 omr\u00e5det och f\u00e5tt b\u00f6rsens techj\u00e4ttar att sl\u00e5ss om tillg\u00e5ng p\u00e5 energi.<\/p>\n<p class=\"\">TAE hoppas att k\u00e4rnkraft med fusionsteknik ska g\u00f6ra bolaget till en vinnare.<\/p>\n<p class=\"\">\u201dFusionskraft kommer att bli det mest dramatiska energigenombrottet sedan kommersiell k\u00e4rnkraft under 1970-talet \u2013 en innovation som kommer att s\u00e4nka energipriser, \u00f6ka tillg\u00e5ngen och s\u00e4kerst\u00e4lla amerikansk AI-dominans, v\u00e4cka liv i v\u00e5r grundl\u00e4ggande tillverkningsindustri och st\u00e4rka f\u00f6rsvaret, s\u00e4ger Trump Medias vd Devin Nunes, tidigare r\u00e5dgivare till Donald Trump i Vita huset och medlem av kongressens representantshus.<\/p>\n<p>Regulatorisk f\u00f6rdel<\/p>\n<p class=\"\">Nyheten f\u00e5r Trump Media att lyfta med knappt 35 procent p\u00e5 New York-b\u00f6rsen under torsdagskv\u00e4llen. Bolaget, som bland annat \u00e4r verksamt inom krypto och driver sociala medieplattformen Truth Social, har sedan Donald Trumps valseger i fjol backat med knappt 60 procent p\u00e5 b\u00f6rsen.<\/p>\n<p class=\"\">Wedbush-analytikern Dan Ives s\u00e4ger till Market Watch att fusionskraft har en regulatorisk f\u00f6rdel gentemot konventionell k\u00e4rnkraft:<br \/>\u2013 Fusion klassas som en industrianl\u00e4ggning, inte ett k\u00e4rnkraftverk, vilket ger en tydlig v\u00e4g fr\u00e5n p\u00e5b\u00f6rjat bygga till slutf\u00f6rande utan risk f\u00f6r h\u00e4rdsm\u00e4lta.<\/p>\n<p class=\"\">Microsoft-grundaren Bill Gates \u00e4r en av dem som f\u00f6rs\u00f6ker n\u00e5 genombrott p\u00e5 omr\u00e5det via investmentbolaget Breakthrough Energy Ventures.<br \/>\u201dDet kan ha en lika stor f\u00f6r\u00e4ndringseffekt som uppfinningen av \u00e5ngmotorn innan den industriella revolutionen\u201d, skrev Gates i oktober.<\/p>\n","protected":false},"excerpt":{"rendered":"Via fusion kommer Trump Media and Technology Group och TAE Technologies att bilda ett gemensamt, b\u00f6rsnoterat bolag med&hellip;\n","protected":false},"author":2,"featured_media":110351,"comment_status":"","ping_status":"","sticky":false,"template":"","format":"standard","meta":{"footnotes":""},"categories":[65],"tags":[72,70,71,34,31,33,32,30],"class_list":{"0":"post-110350","1":"post","2":"type-post","3":"status-publish","4":"format-standard","5":"has-post-thumbnail","7":"category-ekonomi","8":"tag-business","9":"tag-economy","10":"tag-ekonomi","11":"tag-se","12":"tag-svenska","13":"tag-sverige","14":"tag-sweden","15":"tag-swedish"},"share_on_mastodon":{"url":"https:\/\/pubeurope.com\/@se\/115741804794633439","error":""},"_links":{"self":[{"href":"https:\/\/www.europesays.com\/se\/wp-json\/wp\/v2\/posts\/110350","targetHints":{"allow":["GET"]}}],"collection":[{"href":"https:\/\/www.europesays.com\/se\/wp-json\/wp\/v2\/posts"}],"about":[{"href":"https:\/\/www.europesays.com\/se\/wp-json\/wp\/v2\/types\/post"}],"author":[{"embeddable":true,"href":"https:\/\/www.europesays.com\/se\/wp-json\/wp\/v2\/users\/2"}],"replies":[{"embeddable":true,"href":"https:\/\/www.europesays.com\/se\/wp-json\/wp\/v2\/comments?post=110350"}],"version-history":[{"count":0,"href":"https:\/\/www.europesays.com\/se\/wp-json\/wp\/v2\/posts\/110350\/revisions"}],"wp:featuredmedia":[{"embeddable":true,"href":"https:\/\/www.europesays.com\/se\/wp-json\/wp\/v2\/media\/110351"}],"wp:attachment":[{"href":"https:\/\/www.europesays.com\/se\/wp-json\/wp\/v2\/media?parent=110350"}],"wp:term":[{"taxonomy":"category","embeddable":true,"href":"https:\/\/www.europesays.com\/se\/wp-json\/wp\/v2\/categories?post=110350"},{"taxonomy":"post_tag","embeddable":true,"href":"https:\/\/www.europesays.com\/se\/wp-json\/wp\/v2\/tags?post=110350"}],"curies":[{"name":"wp","href":"https:\/\/api.w.org\/{rel}","templated":true}]}}