{"id":110354,"date":"2025-12-18T17:43:41","date_gmt":"2025-12-18T17:43:41","guid":{"rendered":"https:\/\/www.europesays.com\/se\/110354\/"},"modified":"2025-12-18T17:43:41","modified_gmt":"2025-12-18T17:43:41","slug":"ministern-tror-pa-lagre-priser-nasta-ar","status":"publish","type":"post","link":"https:\/\/www.europesays.com\/se\/110354\/","title":{"rendered":"Ministern tror p\u00e5 l\u00e4gre priser n\u00e4sta \u00e5r"},"content":{"rendered":"<p>Trafikverkets generaldirekt\u00f6r Roberto Maiorana och infrastrukturminister Andreas Carlson vill bland annat g\u00f6ra f\u00f6r\u00e4ndringar i reglerna f\u00f6r tonnageskatt. Foto Christer Bj\u00f6hle.<\/p>\n<p>\u00a0<\/p>\n<p class=\"p1\"><b>Inga direkta utf\u00e4stelser om kostnadsl\u00e4ttnader inom en snar framtid. Men Andreas Carlson lyfte p\u00e5 onsdagen att en \u00f6verg\u00e5ng till svensk tonnageskatt ska kunna leda till prisl\u00e4ttnader redan n\u00e4sta \u00e5r tillsammans med att br\u00e4nsleprisindex tas bort i priss\u00e4ttningen.<\/b><\/p>\n<p class=\"p1\">Tillsammans med Roberto Maiorana, Trafikverkets generaldirekt\u00f6r och H\u00e5kan Johansson, vd Destination Gotland, m\u00f6tte bostads- och infrastrukturminister Andreas Carlson (KD) den samlade mediak\u00e5ren p\u00e5 Hamnterminalen p\u00e5 tisdagsf\u00f6rmiddagen.<\/p>\n<p class=\"p1\">Efter att ha uttryckt f\u00f6rst\u00e5else f\u00f6r det lokala engagemanget i kostnadsfr\u00e5gan kring f\u00e4rjepriserna och betydelsen av fungerande transporter, meddelade Andreas Carlson att regeringen p\u00e5 flera olika omr\u00e5den arbetar aktivt med fr\u00e5gan.\u00a0<\/p>\n<p>\u00a0<\/p>\n<p class=\"p1\"><b>Bland annat ska<\/b> de s\u00e5 kallade tak- och maxpriserna ses \u00f6ver, och g\u00e4rna s\u00e4nkas, samt att den dynamiska priss\u00e4ttningen kommer att f\u00e5 en minskat genomslag.<\/p>\n<p class=\"p1\">N\u00e5got statligt extrast\u00f6d p\u00e5 kort sikt, som regeringen gick in med i samband med den galopperande kostnads\u00f6kningen 2023, \u00e4r inte aktuellt f\u00f6rklarade Carlson. D\u00e5 uppgick extrafinansieringen till cirka 20 miljoner kronor f\u00f6r att h\u00e5lla resekostnaderna nere.<\/p>\n<p class=\"p1\">\u2013 I det f\u00f6rra avtalet s\u00e5 \u00f6ppnades det en m\u00f6jlighet 2023 fr\u00e5n EU att st\u00f6dja med statligt st\u00f6d. Trots det var det mycket komplicerat, vi fick \u00e4gna mycket tid \u00e5t detta men lyckades. Den m\u00f6jligheten fanns d\u00e5. Vi ser inte att EU har \u00f6ppnat f\u00f6r den m\u00f6jligheten nu, s\u00e4ger Andreas Carlson, som menar att det visar p\u00e5 att regeringen redan tidigare arbetat f\u00f6r att d\u00e4mpa priserna p\u00e5 Gotlandstrafiken.<\/p>\n<p>\u00a0<\/p>\n<p class=\"p1\"><strong>P\u00e5 ministerns uppdrag<\/strong> har Trafikverket tidigare i h\u00f6stas f\u00e5tt i uppdrag att genomf\u00f6ra en genomgripande analys av kostnadsfr\u00e5gorna med det uttalade syftet att h\u00e5lla priserna nere. Nyligen har det ocks\u00e5 tillsatts en arbetsgrupp med just Trafikverket och Destination Gotland som efter de stundande helgerna ska dra ig\u00e5ng ett mer frekvent analys- och uppf\u00f6ljningsarbete. \u00c5terrapporteringen ska ske mer \u00e5terkommande \u00e4n de nuvarande avst\u00e4mningsm\u00f6tena och \u00e4ga rum varje kvartal.\u00a0<\/p>\n<p class=\"p1\">Trafikverkets Roberto Maiorana f\u00f6rklarade ocks\u00e5 att deras arbete hittills har lett till en \u00e5tg\u00e4rd som de menar ska kunna ge ett positivt genomslag p\u00e5 prisbilden.<\/p>\n<p class=\"p1\">Det br\u00e4nsleprisindex som ligger inom det nuvarande avtalet, som \u00f6verg\u00e5r i det nya avtalet i februari 2027, och har bidragit till de \u00f6kade omkostnaderna, kommer att avskaffas.<\/p>\n<p>        Annons<br \/>\n        <a href=\"https:\/\/www.horisontmagasin.se\/julklapp\/\" target=\"_blank\" data-tracking-id=\"left1\" rel=\"nofollow noopener\"><img decoding=\"async\" src=\"https:\/\/usercontent.one\/wp\/www.horisontmagasin.se\/wp-content\/uploads\/2025\/11\/840-x-200-Julklapp-2025.jpg?media=1761254004\" alt=\"Annons\" class=\"img-fluid mx-auto d-block lazyload\" bad-src=\"data:image\/svg+xml;base64,PHN2ZyB3aWR0aD0iMSIgaGVpZ2h0PSIxIiB4bWxucz0iaHR0cDovL3d3dy53My5vcmcvMjAwMC9zdmciPjwvc3ZnPg==\"\/><\/a>    <\/p>\n<p>Det utg\u00f6r i nul\u00e4get en faktor p\u00e5 0,25 av priss\u00e4ttningen enligt generaldirekt\u00f6ren.<\/p>\n<p class=\"p1\">\u2013 Vi kan se redan i dag att br\u00e4nslepris\u00f6kningarna har stabiliserats. Men nu kommer vi helt enkelt lyfta bort den. I st\u00e4llet kommer det att f\u00f6lja konsumentprisindex som styr 0,75 av utvecklingen, s\u00e4ger Roberto Maiorana, som kallade \u00f6kningen 2022-23 f\u00f6r en onormalt stor avvikelse.<\/p>\n<p class=\"p1\">En f\u00f6r\u00e4ndring i prisregleringen som kommer att st\u00e4lla Destination Gotland inf\u00f6r ett delvis nytt scenario n\u00e4r det nya avtalet tr\u00e4der i kraft.<\/p>\n<p class=\"p1\">\u2013 I det nya avtalet kommer nu Destination Gotland ta en st\u00f6rre risk. De \u00e4r mer riskexponerade om vi nu skulle hamna i en liknande situation, s\u00e4ger Maiorana.<\/p>\n<p>\u00a0<\/p>\n<p class=\"p1\"><strong>En annan f\u00f6r\u00e4ndring<\/strong> som Andreas Carlson bed\u00f6mer b\u00f6r kunna f\u00e5 genomslag \u00e4r att regeringen f\u00f6r in Destination Gotlands f\u00e4rjor under den svenska s\u00e5 kallade tonnageskatten. Ett arbete som departementen har arbetat med under en tid.<\/p>\n<p class=\"p1\">\u2013 Det m\u00f6jligg\u00f6r att vi fortsatt kan ha svensk flagg p\u00e5 Gotlandsf\u00e4rjorna och att vi har svensk r\u00e5dighet \u00f6ver dem i det arbete som ligger framf\u00f6r oss, f\u00f6rklarar infrastrukturministern som \u00e4ven betonar att det \u00e4r av stor s\u00e4kerhets- och beredskapsm\u00e4ssig betydelse.<\/p>\n<p class=\"p1\">Tonnageskattesystemet ska kunna gynna svenskflaggade fartyg och utg\u00e5r fr\u00e5n en mer schablonber\u00e4knad skattesats p\u00e5 fartygens direkta tonnage snarare \u00e4n rederiets ekonomi. D\u00e4rigenom ska svensk rederiverksamhet och konkurrensf\u00f6rdelar st\u00e4rkas. \u00a0<\/p>\n<p class=\"p1\">Formellt inf\u00f6rs det f\u00f6rst vid n\u00e4sta \u00e5rsskifte men Carlson s\u00e4ger att det kan leda till en positiv p\u00e5verkan p\u00e5 prisbilden redan kommande \u00e5r.<\/p>\n<p class=\"p1\">\u2013 Och det \u00e4r det som arbetsgruppen ska underl\u00e4tta, p\u00e5skynda och f\u00e5 ut vinsterna av s\u00e5 att det \u00e4r m\u00f6jligt att det skulle kunna d\u00e4mpa priserna under 2026, s\u00e4ger Andreas Carlson.<\/p>\n<p>\u00a0<\/p>\n<p><strong>L\u00e4s mer:\u00a0<\/strong><\/p>\n<p><a href=\"https:\/\/www.horisontmagasin.se\/2025\/12\/17\/regionen-portad-fran-presstraff-med-ministern\/\" rel=\"nofollow noopener\" target=\"_blank\"><strong>Regionen portad fr\u00e5n ministerns presstr\u00e4ff<\/strong> <\/a>(Horisont 17 december 2025)<\/p>\n<p><a href=\"https:\/\/www.horisontmagasin.se\/2025\/12\/17\/att-det-ar-dyrt-att-aka-farja-ar-ingen-kansla\/\" rel=\"nofollow noopener\" target=\"_blank\"><strong>&#8221;Att det \u00e4r dyrt att \u00e5ka f\u00e4rja \u00e4r ingen k\u00e4nsla&#8221;<\/strong> <\/a>(Horisont 17 december 2025)<\/p>\n<p><a href=\"https:\/\/www.horisontmagasin.se\/2025\/12\/10\/skarp-kritik-mot-dgs-uppgifter-om-boenderabatt\/\" rel=\"nofollow noopener\" target=\"_blank\"><strong>Skarp kritik mot DG:s uppgifter om boenderabatt<\/strong><\/a> (Horisont 10 december 2025)<\/p>\n<p><a href=\"https:\/\/www.horisontmagasin.se\/2025\/12\/09\/prissankning-mojlig-nu-ar-det-vilja-som-behovs\/\" rel=\"nofollow noopener\" target=\"_blank\"><strong>Priss\u00e4nkning m\u00f6jlig: &#8221;Politisk vilja beh\u00f6vs&#8221;<\/strong><\/a> (Horisont 9 december 2025)<\/p>\n<p><a href=\"https:\/\/www.horisontmagasin.se\/2025\/12\/08\/rabattsystemet-en-kostsam-affar\/\" rel=\"nofollow noopener\" target=\"_blank\"><strong>Rabattsystemet kostsamt \u2013 f\u00f6r \u00f6borna<\/strong><\/a> (Horisont 8 december 2025)<\/p>\n<p><a href=\"https:\/\/www.horisontmagasin.se\/2025\/12\/01\/inga-nya-besked-fran-ministern-allvarligt\/\" rel=\"nofollow noopener\" target=\"_blank\"><strong>Inga nya besked fr\u00e5n ministern: &#8221;Allvarligt&#8221;<\/strong><\/a> (Horisont 1 december 2025)<\/p>\n<p><a href=\"https:\/\/www.horisontmagasin.se\/2025\/11\/26\/om-tre-veckor-kan-agneta-overlamna-underskrifterna\/\" rel=\"nofollow noopener\" target=\"_blank\"><strong>Om tre veckor kan Agneta l\u00e4mna \u00f6ver underskrifterna<\/strong><\/a> (Horisont 26 november 2025)<\/p>\n<p><a href=\"https:\/\/www.horisontmagasin.se\/2025\/11\/25\/tu-ordforande-om-farjepriserna-diskriminerande\/\" rel=\"nofollow noopener\" target=\"_blank\"><strong>TU-ordf\u00f6randen om f\u00e4rjepriserna: &#8221;Diskriminerande&#8221;<\/strong> <\/a>(Horisont 26 november 2025)<\/p>\n<p><a href=\"https:\/\/www.horisontmagasin.se\/2025\/11\/06\/farjepriserna-i-riksdagen-optimism\/\" rel=\"nofollow noopener\" target=\"_blank\"><strong>F\u00e4rjepriser i riksdagen: \u201dDet var lite optimism\u201d<\/strong> <\/a>(Horisont 6 november 2025)<\/p>\n<p><a href=\"https:\/\/www.horisontmagasin.se\/2025\/11\/06\/ministerns-svar-om-farjepriser-vacker-ilska\/\" rel=\"nofollow noopener\" target=\"_blank\"><strong>Ministerns svar om f\u00e4rjepriser v\u00e4cker ilska<\/strong> <\/a>(Horisont 6 november 2025)<\/p>\n<p><a href=\"https:\/\/www.horisontmagasin.se\/2025\/11\/05\/ministern-om-farjepriserna-inga-atgarder-behover-vidtas\/\" rel=\"nofollow noopener\" target=\"_blank\"><strong>Ministern: Inga fler \u00e5tg\u00e4rder beh\u00f6vs<\/strong> <\/a>(Horisont 5 november 2025)<\/p>\n<p><a href=\"https:\/\/www.horisontmagasin.se\/2025\/10\/17\/nytt-forum-ska-satta-fokus-pa-farjepriser\/\" rel=\"nofollow noopener\" target=\"_blank\"><strong>Nytt forum ska s\u00e4tta fokus p\u00e5 f\u00e4rjepriser<\/strong> <\/a>(Horisont 17 oktober 2025)<\/p>\n<p><a href=\"https:\/\/www.horisontmagasin.se\/2025\/10\/15\/farjepriserna-maste-vi-arbeta-med-dagligen\/\" rel=\"nofollow noopener\" target=\"_blank\"><strong>\u201dF\u00e4rjepriserna m\u00e5ste vi arbeta med dagligen\u201d<\/strong><\/a> (Horisont 15 oktober 2025)<\/p>\n<p><a href=\"https:\/\/www.horisontmagasin.se\/2025\/10\/10\/det-ar-staten-som-satter-priset\/\" rel=\"nofollow noopener\" target=\"_blank\"><strong>\u201dDet \u00e4r staten som s\u00e4tter priset\u201d<\/strong><\/a> (Horisont 10 oktober 2025)<\/p>\n<p><a href=\"https:\/\/www.horisontmagasin.se\/2025\/10\/07\/stor-uppslutning-mot-hoga-farjepriser\/\" rel=\"nofollow noopener\" target=\"_blank\"><strong>\u00d6ver tusen ljus mot h\u00f6ga f\u00e4rjepriser<\/strong> <\/a>(Horisont 7 oktober 2025)<\/p>\n<p><a href=\"https:\/\/www.horisontmagasin.se\/2025\/10\/07\/marlene-har-fatt-nog-av-farjepriserna\/\" rel=\"nofollow noopener\" target=\"_blank\"><strong>Hon har f\u00e5tt nog \u2013 manifesterar mot h\u00f6ga f\u00e4rjepriser<\/strong> <\/a>(Horisont 7 oktober 2025)<\/p>\n<p><a href=\"https:\/\/www.horisontmagasin.se\/2025\/09\/08\/inte-samma-villkor-som-resten-av-sverige\/\" rel=\"nofollow noopener\" target=\"_blank\"><strong>\u201dInte samma villkor som resten av Sverige\u201d<\/strong> <\/a>(Horisont 8 september 2025)<\/p>\n<p>\u2014 \u2014 \u2014<\/p>\n<p><a style=\"color: #008000\" href=\"https:\/\/sub.unseald.com\/checkout\/horisontmagasin_se\" rel=\"nofollow noopener\" target=\"_blank\"><b>PRENUMERERA<\/b><\/a>\u00a0f\u00f6r att f\u00e5 tillg\u00e5ng till Horisont magasin och allt premiummaterial p\u00e5 sajten.<\/p>\n<p>\u2014 \u2014 \u2014<\/p>\n<p><a style=\"color: #008000\" href=\"https:\/\/gansub.com\/s\/yOCsZ0O6J8LckzvxW\/\" rel=\"nofollow noopener\" target=\"_blank\"><b>HORISONTS NYHETSBREV<\/b><\/a>\u00a0skickas ut helt gratis varje vardagsmorgon med en sammanfattning av de senaste Gotlandsnyheterna. Registrera dig via l\u00e4nken.<\/p>\n","protected":false},"excerpt":{"rendered":"Trafikverkets generaldirekt\u00f6r Roberto Maiorana och infrastrukturminister Andreas Carlson vill bland annat g\u00f6ra f\u00f6r\u00e4ndringar i reglerna f\u00f6r tonnageskatt. Foto&hellip;\n","protected":false},"author":2,"featured_media":110355,"comment_status":"","ping_status":"","sticky":false,"template":"","format":"standard","meta":{"footnotes":""},"categories":[12],"tags":[2896,22,23,5684,11985,26,27,17,21,12209,24,25,28,29,12210,15,16,4446,18,34,31,33,32,30,19,20,1841],"class_list":{"0":"post-110354","1":"post","2":"type-post","3":"status-publish","4":"format-standard","5":"has-post-thumbnail","7":"category-sverige","8":"tag-andreas-carlson","9":"tag-breaking-news","10":"tag-breakingnews","11":"tag-destination-gotland","12":"tag-farjepriser","13":"tag-featured-news","14":"tag-featurednews","15":"tag-headlines","16":"tag-huvudnyheter","17":"tag-kd","18":"tag-latest-news","19":"tag-latestnews","20":"tag-main-news","21":"tag-mainnews","22":"tag-minister","23":"tag-news","24":"tag-nyheter","25":"tag-roberto-maiorana","26":"tag-rubriker","27":"tag-se","28":"tag-svenska","29":"tag-sverige","30":"tag-sweden","31":"tag-swedish","32":"tag-top-stories","33":"tag-topstories","34":"tag-trafikverket"},"share_on_mastodon":{"url":"https:\/\/pubeurope.com\/@se\/115741812736894616","error":""},"_links":{"self":[{"href":"https:\/\/www.europesays.com\/se\/wp-json\/wp\/v2\/posts\/110354","targetHints":{"allow":["GET"]}}],"collection":[{"href":"https:\/\/www.europesays.com\/se\/wp-json\/wp\/v2\/posts"}],"about":[{"href":"https:\/\/www.europesays.com\/se\/wp-json\/wp\/v2\/types\/post"}],"author":[{"embeddable":true,"href":"https:\/\/www.europesays.com\/se\/wp-json\/wp\/v2\/users\/2"}],"replies":[{"embeddable":true,"href":"https:\/\/www.europesays.com\/se\/wp-json\/wp\/v2\/comments?post=110354"}],"version-history":[{"count":0,"href":"https:\/\/www.europesays.com\/se\/wp-json\/wp\/v2\/posts\/110354\/revisions"}],"wp:featuredmedia":[{"embeddable":true,"href":"https:\/\/www.europesays.com\/se\/wp-json\/wp\/v2\/media\/110355"}],"wp:attachment":[{"href":"https:\/\/www.europesays.com\/se\/wp-json\/wp\/v2\/media?parent=110354"}],"wp:term":[{"taxonomy":"category","embeddable":true,"href":"https:\/\/www.europesays.com\/se\/wp-json\/wp\/v2\/categories?post=110354"},{"taxonomy":"post_tag","embeddable":true,"href":"https:\/\/www.europesays.com\/se\/wp-json\/wp\/v2\/tags?post=110354"}],"curies":[{"name":"wp","href":"https:\/\/api.w.org\/{rel}","templated":true}]}}