{"id":110370,"date":"2025-12-18T17:57:34","date_gmt":"2025-12-18T17:57:34","guid":{"rendered":"https:\/\/www.europesays.com\/se\/110370\/"},"modified":"2025-12-18T17:57:34","modified_gmt":"2025-12-18T17:57:34","slug":"efter-eus-hjartplan-nu-dags-for-sverige","status":"publish","type":"post","link":"https:\/\/www.europesays.com\/se\/110370\/","title":{"rendered":"Efter EUs hj\u00e4rtplan \u2013 nu dags f\u00f6r Sverige"},"content":{"rendered":"<p>&#13;<br \/>\n                            Kr\u00f6nika&#13;<br \/>\n                            &#13;\n                        <\/p>\n<p>                        &#13;<br \/>\n                            &#13;<\/p>\n<p>EU har lagt fram sin plan f\u00f6r v\u00e5r st\u00f6rsta h\u00e4lsoutmaning \u2013 hj\u00e4rt-k\u00e4rlsjukdomar. Den \u00e4r ambiti\u00f6s och konkret kring att minska insjuknande och r\u00e4dda liv. I Sverige har arbetet startat med en nationell handlingsplan, och vi inom l\u00e4kemedelsbranschen ser fram emot att f\u00e5 bidra.<\/p>\n<p>Hj\u00e4rt- och k\u00e4rlsjukdomar \u00e4r den st\u00f6rsta folkh\u00e4lsoutmaningen och den ledande d\u00f6dsorsaken inom EU. Dessa sjukdomar kostar varje \u00e5r 1,7 miljoner liv samt p\u00e5verkar omkring 62 miljoner m\u00e4nniskor. Varje \u00e5r d\u00f6r ungef\u00e4r 35 000 personer i Sverige av hj\u00e4rt-k\u00e4rlsjukdomar, vilket motsvarar n\u00e4stan en tredjedel av alla d\u00f6dsfall. Den ekonomiska b\u00f6rdan uppskattas till dryga 60 miljarder kronor per \u00e5r i Sverige, n\u00e4r v\u00e5rdkostnader, produktionsbortfall och f\u00f6rlorade levnads\u00e5r r\u00e4knas in. Detta b\u00f6r och kan adresseras.<\/p>\n<blockquote><p>&#13;<\/p>\n<p> \u201dMinska insjuknandet, r\u00e4dda liv och skapa lika m\u00f6jligheter till hj\u00e4rth\u00e4lsa\u201d<\/p>\n<p>&#13;\n        <\/p><\/blockquote>\n<blockquote><p>&#13;<\/p>\n<p>&#13;<br \/>\n                \u201dMinska insjuknandet, r\u00e4dda liv och skapa lika m\u00f6jligheter till hj\u00e4rth\u00e4lsa\u201d&#13;\n            <\/p>\n<p>&#13;\n        <\/p><\/blockquote>\n<p>I veckan presenterades EU:s <a href=\"https:\/\/health.ec.europa.eu\/publications\/communication-eu-cardiovascular-health-plan-safe-hearts-plan_en\" rel=\"nofollow noopener\" target=\"_blank\">Safe Hearts Plan<\/a>, med tydlig ambition och konkreta \u00e5tg\u00e4rder. Planen fokuserar p\u00e5 tre omr\u00e5den: f\u00f6rebyggande, tidig uppt\u00e4ckt och screening, samt behandling och v\u00e5rd (inklusive rehabilitering). Den str\u00e4var ocks\u00e5 efter att st\u00e4rka nationella policyer. M\u00e5ls\u00e4ttningen \u00e4r klar: minska insjuknandet, r\u00e4dda liv och skapa lika m\u00f6jligheter till hj\u00e4rth\u00e4lsa oavsett var patienten bor.<\/p>\n<p>I Sverige har Socialstyrelsen nyligen f\u00e5tt i uppdrag att utarbeta en <a href=\"https:\/\/www.regeringen.se\/globalassets\/regeringen\/dokument\/socialdepartementet\/fokhalsa-och-sjukvard\/uppdrag-att-ta-fram-en-nationell-handlingsplan-for-att-forebygga-och-behandla-hjart-och-karlsjukdom.pdf\" rel=\"nofollow noopener\" target=\"_blank\">nationell handlingsplan<\/a> f\u00f6r att f\u00f6rebygga och behandla hj\u00e4rt- och k\u00e4rlsjukdomar. I uppdraget ing\u00e5r ocks\u00e5 att uppdatera Socialstyrelsens nationella riktlinjer f\u00f6r hj\u00e4rtsjukv\u00e5rd. Initiativet \u00e4r b\u00e5de n\u00f6dv\u00e4ndigt och v\u00e4lkommet eftersom det idag saknas en nationell strategi och v\u00e5rden pr\u00e4glas av regionala skillnader. Dessutom kr\u00e4ver en \u00e5ldrande befolkning att svensk h\u00e4lso- och sjukv\u00e5rd producerar mer v\u00e5rd med f\u00e4rre resurser.<\/p>\n<blockquote><p>&#13;<\/p>\n<p> \u201dL\u00e4kemedel har bidragit till att hundratusentals patienter f\u00e5tt ett l\u00e4ngre och friskare liv\u201d<\/p>\n<p>&#13;\n        <\/p><\/blockquote>\n<blockquote><p>&#13;<\/p>\n<p>&#13;<br \/>\n                \u201dL\u00e4kemedel har bidragit till att hundratusentals patienter f\u00e5tt ett l\u00e4ngre och friskare liv\u201d&#13;\n            <\/p>\n<p>&#13;\n        <\/p><\/blockquote>\n<p>Tillsammans med Riksf\u00f6rbundet Hj\u00e4rtLung samlade Lif i h\u00f6stas experter och beslutsfattare till en diskussion om svensk hj\u00e4rt-k\u00e4rlv\u00e5rd fram\u00e5t som jag hade f\u00f6rm\u00e5nen att delta i. Gemensamt konstaterades att v\u00e5rden gjort stora framsteg tack vare bland annat nya l\u00e4kemedel, b\u00e4ttre behandling av riskfaktorer och f\u00f6rb\u00e4ttrade rutiner f\u00f6r akutv\u00e5rd. Statiner, blodf\u00f6rtunnande l\u00e4kemedel och moderna behandlingar vid hj\u00e4rtsvikt har bidragit till att hundratusentals patienter f\u00e5tt ett l\u00e4ngre och friskare liv. Men f\u00f6r att f\u00f6rverkliga visionen om j\u00e4mlik v\u00e5rd kr\u00e4vs att dessa framsteg n\u00e5r hela landet \u2013 och att sekund\u00e4rpreventionen blir en sj\u00e4lvklar och integrerad del av v\u00e5rdkedjan.<\/p>\n<p>V\u00e5rt samtal visade en tydlig samsyn kring behovet av en nationell strategi som omfattar hela v\u00e5rdkedjan \u2013 fr\u00e5n tidig diagnos och skr\u00e4ddarsydd behandling, rehabilitering och sekund\u00e4rprevention. Tre problemomr\u00e5den blev tydliga: bristande prevention, stora regionala v\u00e5rdskillnader och en incitamentsstruktur som inte tillr\u00e4ckligt bel\u00f6nar l\u00e5ngsiktigt preventivt arbete, rehabilitering eller systematisk uppf\u00f6ljning. Gemensamt konkretiserade vi f\u00f6rslag f\u00f6r att f\u00f6rb\u00e4ttra svensk hj\u00e4rt-k\u00e4rlv\u00e5rd, bland annat:<\/p>\n<ul>\n<li>Att prim\u00e4rv\u00e5rden tilldelas tydligare uppdrag och resurser f\u00f6r l\u00e5ngsiktig uppf\u00f6ljning.<\/li>\n<li>Att det f\u00f6rebyggande arbetet struktureras med tydligt f\u00f6rdelat ansvar.<\/li>\n<li>Att v\u00e5rden aktivt samverkar med patientorganisationer, som kan erbjuda hj\u00e4rtskolor och st\u00f6dgrupper f\u00f6r drabbade, och forskande f\u00f6retag som tillhandah\u00e5ller innovativa behandlingar.<\/li>\n<li>Att varje patient f\u00e5r en utsedd v\u00e5rdkontakt och strukturerad uppf\u00f6ljningsplan efter akutv\u00e5rd.<\/li>\n<li>Att kvalitetsregister anv\u00e4nds f\u00f6r att f\u00f6lja upp patienternas riskfaktorer och behandlingsresultat, och att b\u00e4sta praxis sprids nationellt.<\/li>\n<\/ul>\n<p>Slutligen understr\u00f6k rundabordets deltagare vikten av att m\u00e4ta och bel\u00f6na det som ger b\u00e4st resultat f\u00f6r patienterna. F\u00f6r att minska \u00e5terinsjuknanden, h\u00f6ja livskvaliteten och reducera kostnader s\u00e5 m\u00e5ste incitamenten utformas f\u00f6r att premiera f\u00f6rebyggande arbete, tidig diagnostik och behandling, rehabilitering och l\u00e5ngsiktig uppf\u00f6ljning.<\/p>\n<blockquote><p>&#13;<\/p>\n<p> \u201dB\u00e4ttre folkh\u00e4lsa, l\u00e4gre d\u00f6dlighet, minskade kostnader och \u00f6kad produktivitet\u201d<\/p>\n<p>&#13;\n        <\/p><\/blockquote>\n<blockquote><p>&#13;<\/p>\n<p>&#13;<br \/>\n                \u201dB\u00e4ttre folkh\u00e4lsa, l\u00e4gre d\u00f6dlighet, minskade kostnader och \u00f6kad produktivitet\u201d&#13;\n            <\/p>\n<p>&#13;\n        <\/p><\/blockquote>\n<p>Den kommande svenska hj\u00e4rt-k\u00e4rlplanen beh\u00f6ver adressera samtliga de utmaningar och f\u00f6rslag som n\u00e4mns ovan. L\u00e4kemedelsbranschen bidrar redan till s\u00e5v\u00e4l prevention som tidig uppt\u00e4ckt, f\u00f6rb\u00e4ttrad behandling, \u00f6kad patientdelaktighet och m\u00f6jligheter till egenv\u00e5rd.\u00a0Med en uppdaterad vaccinationsstrategi, inf\u00f6rande av ett fram\u00e5tstr\u00e4vande farmaceutsortiment, ett moderniserat l\u00e4kemedelssystem som premierar tidig anv\u00e4ndning samt \u00f6kat svenskt deltagande i s\u00e5v\u00e4l l\u00e4kemedelsforskning som uppf\u00f6ljning kan bolagen g\u00f6ra \u00e4nnu st\u00f6rre positiv skillnad. Jag ser fram emot att \u2013 ocks\u00e5 i dialog med Socialstyrelsen \u2013 g\u00f6ra det \u00e4n tydligare hur Lif och branschen kan medverka till f\u00f6rb\u00e4ttrad folkh\u00e4lsa, l\u00e4gre d\u00f6dlighet, minskade samh\u00e4llskostnader och \u00f6kad produktivitet.<\/p>\n","protected":false},"excerpt":{"rendered":"&#13; Kr\u00f6nika&#13; &#13; &#13; &#13; EU har lagt fram sin plan f\u00f6r v\u00e5r st\u00f6rsta h\u00e4lsoutmaning \u2013 hj\u00e4rt-k\u00e4rlsjukdomar. Den&hellip;\n","protected":false},"author":2,"featured_media":110371,"comment_status":"","ping_status":"","sticky":false,"template":"","format":"standard","meta":{"footnotes":""},"categories":[65],"tags":[72,70,71,34,31,33,32,30],"class_list":{"0":"post-110370","1":"post","2":"type-post","3":"status-publish","4":"format-standard","5":"has-post-thumbnail","7":"category-ekonomi","8":"tag-business","9":"tag-economy","10":"tag-ekonomi","11":"tag-se","12":"tag-svenska","13":"tag-sverige","14":"tag-sweden","15":"tag-swedish"},"share_on_mastodon":{"url":"https:\/\/pubeurope.com\/@se\/115741867645879039","error":""},"_links":{"self":[{"href":"https:\/\/www.europesays.com\/se\/wp-json\/wp\/v2\/posts\/110370","targetHints":{"allow":["GET"]}}],"collection":[{"href":"https:\/\/www.europesays.com\/se\/wp-json\/wp\/v2\/posts"}],"about":[{"href":"https:\/\/www.europesays.com\/se\/wp-json\/wp\/v2\/types\/post"}],"author":[{"embeddable":true,"href":"https:\/\/www.europesays.com\/se\/wp-json\/wp\/v2\/users\/2"}],"replies":[{"embeddable":true,"href":"https:\/\/www.europesays.com\/se\/wp-json\/wp\/v2\/comments?post=110370"}],"version-history":[{"count":0,"href":"https:\/\/www.europesays.com\/se\/wp-json\/wp\/v2\/posts\/110370\/revisions"}],"wp:featuredmedia":[{"embeddable":true,"href":"https:\/\/www.europesays.com\/se\/wp-json\/wp\/v2\/media\/110371"}],"wp:attachment":[{"href":"https:\/\/www.europesays.com\/se\/wp-json\/wp\/v2\/media?parent=110370"}],"wp:term":[{"taxonomy":"category","embeddable":true,"href":"https:\/\/www.europesays.com\/se\/wp-json\/wp\/v2\/categories?post=110370"},{"taxonomy":"post_tag","embeddable":true,"href":"https:\/\/www.europesays.com\/se\/wp-json\/wp\/v2\/tags?post=110370"}],"curies":[{"name":"wp","href":"https:\/\/api.w.org\/{rel}","templated":true}]}}