{"id":110377,"date":"2025-12-18T18:03:26","date_gmt":"2025-12-18T18:03:26","guid":{"rendered":"https:\/\/www.europesays.com\/se\/110377\/"},"modified":"2025-12-18T18:03:26","modified_gmt":"2025-12-18T18:03:26","slug":"riksidrottsforbundet-om-13-arsgransen-ett-modigt-beslut","status":"publish","type":"post","link":"https:\/\/www.europesays.com\/se\/110377\/","title":{"rendered":"Riksidrottsf\u00f6rbundet om 13-\u00e5rsgr\u00e4nsen: &#8221;Ett modigt beslut&#8221;"},"content":{"rendered":"<p>Det har debatterats rej\u00e4lt bland medlemmar och aktiva sedan Svenska Ridsportf\u00f6rbundet fattade beslut om en \u00e5ldersgr\u00e4ns som inneb\u00e4r att ryttare m\u00e5ste ha fyllt 13 \u00e5r f\u00f6r att f\u00e5 t\u00e4vla p\u00e5 elitniv\u00e5. Beslutet p\u00e5verkar internationella starter, nationella m\u00e4sterskap och rikst\u00e4ckande serier, och b\u00f6rjar g\u00e4lla stegvis fr\u00e5n 2027.<\/p>\n<p><strong>Malin Tr\u00e4ff<\/strong> \u00e4r talesperson f\u00f6r barn- och ungdomsidrott hos Riksidrottsf\u00f6rbundet, RF, och svarar h\u00e4r p\u00e5 Ridsports fr\u00e5gor.<\/p>\n<p><strong>Vilka krav har Riksidrottsf\u00f6rbundet p\u00e5 sina medlemsf\u00f6rbund, som Svenska Ridsportf\u00f6rbundet, n\u00e4r det kommer till att f\u00f6lja RF:s riktlinjer? Hur stor frihet har medlemsf\u00f6rbunden att sj\u00e4lva tolka och s\u00e4tta regler som anv\u00e4nds i praktiken inom deras f\u00f6rbund? Vilka krav st\u00e4ller ni p\u00e5 SvRF kring en \u00e5ldergr\u00e4ns p\u00e5 13 \u00e5r f\u00f6r elitsatsningar?<\/strong><\/p>\n<p>\u2013 RF:s riktlinjer f\u00f6r barn- och ungdomsidrott \u00e4r en v\u00e4gledning f\u00f6r hur RF:s stadgar ska tolkas i praktiken inom barn- och ungdomsverksamheten. RF:s stadgar \u00e4r styrande f\u00f6r alla medlemsf\u00f6rbund och i sin tur deras medlemsf\u00f6reningar. De \u00e4r gemensamt beslutade av idrottsr\u00f6relsen och bindande. Stadgarna \u00e4r v\u00e4ldigt \u00f6vergripande och uttrycker inget specifikt kring \u00e5ldersgr\u00e4nser f\u00f6r m\u00e4sterskap och liknande, d\u00e4remot s\u00e4ger stadgarna bland annat att t\u00e4vlande inom barnidrotten, under 13 \u00e5r, ska vara en del av leken och alltid ska ske p\u00e5 barns villkor samt att elitinriktad idrott \u00e4r en del av ungdoms- och vuxenidrotten, det vill s\u00e4ga fr\u00e5n 13 \u00e5r.<\/p>\n<p>\u2013 RF:s riktlinjer f\u00f6respr\u00e5kar bland annat en 13-\u00e5rsgr\u00e4ns f\u00f6r deltagande i nationella m\u00e4sterskap, nationella t\u00e4vlingar som kr\u00e4ver kvalificering, uttagning till landslag eller motsvarande och f\u00f6r internationellt t\u00e4vlande som sanktioneras av specialidrottsf\u00f6rbunden, SF. RF uppmuntrar f\u00f6rbunden att anpassa sina t\u00e4vlingssystem och regelverk s\u00e5 att de ligger i linje med riktlinjerna.<\/p>\n<p>\u2013 Jag har f\u00f6rst\u00e5tt det kommunicerade beslutet fr\u00e5n f\u00f6rbundsstyrelsen som ett inriktningsbeslut, ett principbeslut, och att den stegvisa inf\u00f6randeprocessen fram till 2029 inneb\u00e4r att tolkningen och \u201d\u00f6vers\u00e4ttningen\u201d av RF:s riktlinjer kommer ske i dialog inom ridsporten \u00f6ver tid.<\/p>\n<p><strong>Hur vanligt \u00e4r det att barn under 13 \u00e5r f\u00e5r genomf\u00f6ra m\u00e4sterskap s\u00e5som SM i andra sporter? Finns det n\u00e5got annat medlemsf\u00f6rbund, f\u00f6rutom ridsporten, i nul\u00e4get som till\u00e5ter detta i Sverige?<\/strong><\/p>\n<p>\u2013 Det \u00e4r v\u00e4ldigt ovanligt. Bland de tio st\u00f6rsta medlemsf\u00f6rbunden, som tillsammans st\u00e5r f\u00f6r cirka 85 procent av all barn- och ungdomsidrott i Sverige, finns inga andra f\u00f6rbund som arrangerar SM f\u00f6r barn under 13 \u00e5r.<\/p>\n<p><strong>Vad tycker ni om Svenska Ridsportf\u00f6rbundets beslut i denna fr\u00e5ga?<\/strong><\/p>\n<p>\u2013 Jag tycker att det \u00e4r ett modigt beslut som visar p\u00e5 en ansvarstagande f\u00f6rbundsstyrelse. Barnens b\u00e4sta, trygghet och l\u00e5ngsiktig utveckling \u00e4r n\u00e5got vi inom idrottsr\u00f6relsen redan gemensamt beslutat ska vara det som v\u00e4ger tyngst i verksamhet som \u00e4r till f\u00f6r barn. Det h\u00e4r \u00e4r ett beslut helt i linje med det, avslutar Malin Tr\u00e4ff.<\/p>\n<p>Alltid uppdaterad! Prenumerera gratis p\u00e5 Ridsports nyhetsbrev.<br \/>\nS\u00e5 arbetar Ridsport<\/p>\n<p>Grunden i v\u00e5r journalistik \u00e4r trov\u00e4rdighet och opartiskhet. Det vi publicerar ska vara sant och relevant. Ridsport \u00e4r oberoende och frist\u00e5ende i f\u00f6rh\u00e5llande till ekonomiska, privata, politiska och andra intressen.<\/p>\n<p>mer ur temat Koll p\u00e5 debatten \u2013 allt om 13-\u00e5rsgr\u00e4nsen (14)<\/p>\n","protected":false},"excerpt":{"rendered":"Det har debatterats rej\u00e4lt bland medlemmar och aktiva sedan Svenska Ridsportf\u00f6rbundet fattade beslut om en \u00e5ldersgr\u00e4ns som inneb\u00e4r&hellip;\n","protected":false},"author":2,"featured_media":110378,"comment_status":"","ping_status":"","sticky":false,"template":"","format":"standard","meta":{"footnotes":""},"categories":[68],"tags":[12048,12049,12211,12092,34,111,110,31,5221,33,32,30],"class_list":{"0":"post-110377","1":"post","2":"type-post","3":"status-publish","4":"format-standard","5":"has-post-thumbnail","7":"category-sport","8":"tag-13-arsgrans","9":"tag-aldersgrans","10":"tag-malin-traff","11":"tag-riksidrottsforbundet","12":"tag-se","13":"tag-sport","14":"tag-sports","15":"tag-svenska","16":"tag-svenska-ridsportforbundet","17":"tag-sverige","18":"tag-sweden","19":"tag-swedish"},"share_on_mastodon":{"url":"https:\/\/pubeurope.com\/@se\/115741891211666454","error":""},"_links":{"self":[{"href":"https:\/\/www.europesays.com\/se\/wp-json\/wp\/v2\/posts\/110377","targetHints":{"allow":["GET"]}}],"collection":[{"href":"https:\/\/www.europesays.com\/se\/wp-json\/wp\/v2\/posts"}],"about":[{"href":"https:\/\/www.europesays.com\/se\/wp-json\/wp\/v2\/types\/post"}],"author":[{"embeddable":true,"href":"https:\/\/www.europesays.com\/se\/wp-json\/wp\/v2\/users\/2"}],"replies":[{"embeddable":true,"href":"https:\/\/www.europesays.com\/se\/wp-json\/wp\/v2\/comments?post=110377"}],"version-history":[{"count":0,"href":"https:\/\/www.europesays.com\/se\/wp-json\/wp\/v2\/posts\/110377\/revisions"}],"wp:featuredmedia":[{"embeddable":true,"href":"https:\/\/www.europesays.com\/se\/wp-json\/wp\/v2\/media\/110378"}],"wp:attachment":[{"href":"https:\/\/www.europesays.com\/se\/wp-json\/wp\/v2\/media?parent=110377"}],"wp:term":[{"taxonomy":"category","embeddable":true,"href":"https:\/\/www.europesays.com\/se\/wp-json\/wp\/v2\/categories?post=110377"},{"taxonomy":"post_tag","embeddable":true,"href":"https:\/\/www.europesays.com\/se\/wp-json\/wp\/v2\/tags?post=110377"}],"curies":[{"name":"wp","href":"https:\/\/api.w.org\/{rel}","templated":true}]}}