{"id":110379,"date":"2025-12-18T18:06:08","date_gmt":"2025-12-18T18:06:08","guid":{"rendered":"https:\/\/www.europesays.com\/se\/110379\/"},"modified":"2025-12-18T18:06:08","modified_gmt":"2025-12-18T18:06:08","slug":"frageforbud-for-chefer-och-lagre-skatt-har-ar-nya-lagarna-2026-arbetet","status":"publish","type":"post","link":"https:\/\/www.europesays.com\/se\/110379\/","title":{"rendered":"Fr\u00e5gef\u00f6rbud f\u00f6r chefer och l\u00e4gre skatt \u2013 h\u00e4r \u00e4r nya lagarna 2026 \u2013 Arbetet"},"content":{"rendered":"<p>\t\t\t\t\t\t\t\t\t\tArtikeln i korthet<\/p>\n<ul>\n<li>N\u00e4sta \u00e5r inf\u00f6r regeringen ett nytt jobbskatteavdrag som ger en person med 35 000 kronor i m\u00e5nadsinkomst 333 kronor mer att r\u00f6ra sig med. <\/li>\n<li>Pension\u00e4rer f\u00e5r ocks\u00e5 mer pengar i pl\u00e5nboken med ett h\u00f6jt grundavdrag, och skatten p\u00e5 sjukoch aktivitetsers\u00e4ttning s\u00e4nks till samma niv\u00e5 som arbetsinkomster.<\/li>\n<li>Prisbasbeloppet, som p\u00e5verkar bland annat sjukoch f\u00f6r\u00e4ldraf\u00f6rs\u00e4kringens ers\u00e4ttningar, h\u00f6js med 0,7 procent till 59 200 kronor fr\u00e5n och med januari 2026.<\/li>\n<\/ul>\n<p class=\"FactBox-disclaimer\">Denna sammanfattning har gjorts med st\u00f6d av AI och \u00e4r kvalitetss\u00e4krad av en redaktionell medarbetare. <a href=\"https:\/\/arbetet.se\/ai-policy-lo-mediehus\/\" rel=\"nofollow noopener\" target=\"_blank\">L\u00e4s v\u00e5r AI-policy.<\/a><\/p>\n<p>\t\t\t\t\tL\u00e4s mer\n\t\t\t<\/p>\n<p>\t\t1<\/p>\n<p>\t\tMindre skatt f\u00f6r dig som jobbar<\/p>\n<p>En av regeringens st\u00f6rsta reformer n\u00e4sta \u00e5r \u00e4r genomf\u00f6randet av ytterligare ett jobbskatteavdrag. Enligt regeringen inneb\u00e4r avdraget 333 kronor mer i pl\u00e5nboken f\u00f6r en person som tj\u00e4nar 35 000 kronor i m\u00e5naden. De som tj\u00e4nar under cirka 16\u00a0000 i m\u00e5naden omfattas inte av jobbskatteavdraget.<\/p>\n<p>\t\t2<\/p>\n<p>\t\tSkattel\u00e4ttnader f\u00f6r pension\u00e4rer<\/p>\n<p>En pension\u00e4r med en inkomst p\u00e5 25\u00a0000 kronor i m\u00e5naden kommer att f\u00e5 148 kronor mer i pl\u00e5nboken varje m\u00e5nad fr\u00e5n och med n\u00e4sta \u00e5r. Rent krasst s\u00e5 handlar det dock inte om en skattel\u00e4ttnad, utan om ett h\u00f6jt s\u00e5 kallat grundavdrag, det vill s\u00e4ga l\u00e4gsta gr\u00e4nsen d\u00e4r inkomsttagare b\u00f6rjar betala skatt. \u00a0<\/p>\n<ul class=\"ContentItemList-items\">\n<p>\t\t\t\t\t<a href=\"https:\/\/arbetet.se\/2025\/10\/21\/20-har-jag-rad-att-bli-pensionar-detta-behover-du-veta-om-din-pension\/\" class=\"Teaser Teaser--listItem Teaser--horizontal Teaser--mediaLeft Teaser--media Teaser--post\" data-action=\"event#click\" data-content-item-id=\"1436747\" data-content-item-type=\"post\" data-content-item-variant=\"media\" data-event-name=\"teaser_click\" data-event-data=\"{&quot;includeContentItemData&quot;:true}\" data-content-item-category=\"Kneget\" rel=\"nofollow noopener\" target=\"_blank\"><\/p>\n<p>\t\t\t\t20. Har jag r\u00e5d att bli pension\u00e4r?\t<\/p>\n<p><\/a><\/p>\n<\/ul>\n<p>\t\t3<\/p>\n<p>\t\tS\u00e4nkt skatt p\u00e5 sjuk- och aktivitetsers\u00e4ttning<\/p>\n<p>F\u00f6r de som \u00e4r sjuka eller har aktivitetsers\u00e4ttning p\u00e5 grund av arbetsl\u00f6shet s\u00e4nks skatten ocks\u00e5. S\u00e4nkningen inneb\u00e4r att skatteniv\u00e5n f\u00f6r dessa ers\u00e4ttningar blir samma som f\u00f6r skatt p\u00e5 arbetsinkomster.<\/p>\n<p>Enligt regeringen inneb\u00e4r detta en skattes\u00e4nkning p\u00e5 omkring 150 kronor \u00a0i m\u00e5naden f\u00f6r de som har ers\u00e4ttning.<\/p>\n<p>\t\t4<\/p>\n<p>\t\tH\u00f6jt prisbasbelopp<\/p>\n<p>Prisbasbeloppet \u00e4r ett ekonomiskt m\u00e5tt som \u00e4r t\u00e4nkt att spegla hur priserna utvecklas i Sverige. Den anv\u00e4nds bland annat f\u00f6r att ber\u00e4kna sjukers\u00e4ttningen och f\u00f6r\u00e4ldraf\u00f6rs\u00e4kringen. Tidigare i \u00e5r best\u00e4mde regeringen att 2026 \u00e5rs prisbasbelopp ska h\u00f6jas med 0,7 procent till 59\u00a0200 kronor. Fr\u00e5n och med den f\u00f6rsta 1 januari h\u00f6js allts\u00e5 m\u00e5nga ers\u00e4ttningar n\u00e5got. Prisbasbeloppet p\u00e5verkar \u00e4ven garantipensionen, som \u00e4ven den kommer att r\u00e4knas upp en aning.<\/p>\n<p>Eftersom inflationen fallit n\u00e5got r\u00e4knas inte prisbasbeloppet upp i samma takt som de gjort p\u00e5 senare \u00e5r. 2025 h\u00f6jdes till exempel prisbasbeloppet med 2,6 procent.<\/p>\n<p>\t\t5<\/p>\n<p>\t\tChefen f\u00e5r inte l\u00e4ngre fr\u00e5ga om l\u00f6n<\/p>\n<p>Det s\u00e5 kallade l\u00f6netransparensdirektivet \u00e4r ett EU-direktiv som syftar till att minska l\u00f6negapet mellan m\u00e4n och kvinnor inom unionen.<\/p>\n<p>Konkret inneb\u00e4r det att arbetstagare ska f\u00e5 r\u00e4tt att veta om l\u00f6neniv\u00e5erna p\u00e5 arbetsplatser. Arbetsgivare f\u00e5r heller inte fr\u00e5ga arbetss\u00f6kande om vad de har f\u00f6r l\u00f6n sen tidigare. De m\u00e5ste ocks\u00e5 informera om ing\u00e5ngsl\u00f6nen.<\/p>\n<p>I Sverige f\u00f6resl\u00e5s Diskrimineringsombudsmannen ha en central roll. Bland annat vad g\u00e4ller p\u00e5f\u00f6ljder och sanktionsavgifter f\u00f6r de som inte f\u00f6ljer reglerna. Direktivet ska vara genomf\u00f6rt i Sverige i juni 2026.<\/p>\n<p>\t\t6<\/p>\n<p>\t\tS\u00e4nkt arbetsgivaravgift f\u00f6r unga<\/p>\n<p>En tidsbegr\u00e4nsad s\u00e4nkning av arbetsgivaravgifter f\u00f6r personen mellan 19 och 23 \u00e5r inf\u00f6rs fr\u00e5n och med n\u00e4sta \u00e5r.<\/p>\n<p>S\u00e4nkningen g\u00e4ller mellan 1 april 2026 och 1 oktober 2027 och ber\u00e4knas kosta cirka 6 miljarder. Den tillf\u00e4lliga s\u00e4nkningen motsvarar ungef\u00e4r en tredjedel av nuvarande avgifter.<\/p>\n","protected":false},"excerpt":{"rendered":"Artikeln i korthet N\u00e4sta \u00e5r inf\u00f6r regeringen ett nytt jobbskatteavdrag som ger en person med 35 000 kronor&hellip;\n","protected":false},"author":2,"featured_media":110380,"comment_status":"","ping_status":"","sticky":false,"template":"","format":"standard","meta":{"footnotes":""},"categories":[65],"tags":[72,70,71,34,31,33,32,30],"class_list":{"0":"post-110379","1":"post","2":"type-post","3":"status-publish","4":"format-standard","5":"has-post-thumbnail","7":"category-ekonomi","8":"tag-business","9":"tag-economy","10":"tag-ekonomi","11":"tag-se","12":"tag-svenska","13":"tag-sverige","14":"tag-sweden","15":"tag-swedish"},"share_on_mastodon":{"url":"https:\/\/pubeurope.com\/@se\/115741903142706046","error":""},"_links":{"self":[{"href":"https:\/\/www.europesays.com\/se\/wp-json\/wp\/v2\/posts\/110379","targetHints":{"allow":["GET"]}}],"collection":[{"href":"https:\/\/www.europesays.com\/se\/wp-json\/wp\/v2\/posts"}],"about":[{"href":"https:\/\/www.europesays.com\/se\/wp-json\/wp\/v2\/types\/post"}],"author":[{"embeddable":true,"href":"https:\/\/www.europesays.com\/se\/wp-json\/wp\/v2\/users\/2"}],"replies":[{"embeddable":true,"href":"https:\/\/www.europesays.com\/se\/wp-json\/wp\/v2\/comments?post=110379"}],"version-history":[{"count":0,"href":"https:\/\/www.europesays.com\/se\/wp-json\/wp\/v2\/posts\/110379\/revisions"}],"wp:featuredmedia":[{"embeddable":true,"href":"https:\/\/www.europesays.com\/se\/wp-json\/wp\/v2\/media\/110380"}],"wp:attachment":[{"href":"https:\/\/www.europesays.com\/se\/wp-json\/wp\/v2\/media?parent=110379"}],"wp:term":[{"taxonomy":"category","embeddable":true,"href":"https:\/\/www.europesays.com\/se\/wp-json\/wp\/v2\/categories?post=110379"},{"taxonomy":"post_tag","embeddable":true,"href":"https:\/\/www.europesays.com\/se\/wp-json\/wp\/v2\/tags?post=110379"}],"curies":[{"name":"wp","href":"https:\/\/api.w.org\/{rel}","templated":true}]}}