{"id":110383,"date":"2025-12-18T18:09:54","date_gmt":"2025-12-18T18:09:54","guid":{"rendered":"https:\/\/www.europesays.com\/se\/110383\/"},"modified":"2025-12-18T18:09:54","modified_gmt":"2025-12-18T18:09:54","slug":"maria-malmer-stenergard-besoker-eritrea","status":"publish","type":"post","link":"https:\/\/www.europesays.com\/se\/110383\/","title":{"rendered":"Maria Malmer Stenergard bes\u00f6ker Eritrea"},"content":{"rendered":"<p>Maria Malmer Stenergard (M) har rest till Eritreas huvudstad Asmara f\u00f6r ett m\u00f6te med landets utrikesminister\u00a0Osman Saleh, rapporterade\u00a0<a href=\"https:\/\/blankspot.se\/sverige-pa-unikt-statsbesok-i-eritrea\/\" target=\"_blank\" rel=\"noopener nofollow\">Blankspot<\/a>\u00a0p\u00e5 onsdagen. Enligt Regeringskansliet handlar det om en tv\u00e5dagarsvisit i landet.<\/p>\n<p>\u201dUnder mitt bes\u00f6k diskuterar vi regionala fr\u00e5gor, s\u00e5som kriget i Eritreas grannland Sudan och fr\u00e5gor som \u00e4r betydelsefulla f\u00f6r relationerna mellan v\u00e5ra l\u00e4nder\u201d, s\u00e4ger Malmer Stenergard i ett pressmeddelande.<\/p>\n<p>Det \u00e4r f\u00f6rsta g\u00e5ngen en svensk minister bes\u00f6ker Eritrea sedan landets sj\u00e4lvst\u00e4ndighet 1993. Statsminister Ulf Kristersson (M) s\u00e4ger att fr\u00e5gan om Dawit Isaaks f\u00e5ngenskap kommer att tas upp p\u00e5 m\u00f6tet, rapporterar <a href=\"https:\/\/www.svt.se\/kultur\/statsministern-fragan-om-dawit-isaak-tas-upp-med-eritrea\" target=\"_blank\" rel=\"noopener nofollow\">SVT<\/a>. Den svensk-eritreanske journalisten har suttit f\u00e4ngslad i landet utan r\u00e4tteg\u00e5ng sedan 2001.\u00a0<\/p>\n<p>Dawit Isaaks dotter\u00a0Betlehem Isaak ber\u00e4ttar f\u00f6r <a href=\"https:\/\/www.aftonbladet.se\/nyheter\/a\/8pw3vw\/ministern-pa-blixtvisit-till-eritrea-dawit-isaaks-dotter-unikt\" target=\"_blank\" rel=\"noopener nofollow\">Aftonbladet<\/a> att familjen f\u00e5tt information om utrikesministerns bes\u00f6k i f\u00f6rv\u00e4g.<\/p>\n<p>\u201dVi bad henne \u00e5ka precis som vi har bett alla utrikesministrar att \u00e5ka genom \u00e5ren, men det \u00e4r ju ingen som har lyssnat. Det \u00e4r ingen som har varit d\u00e4r. Men jag \u00e4r faktiskt glad \u00f6ver att hon lyssnade p\u00e5 oss den h\u00e4r g\u00e5ngen, p\u00e5 mig, min syster och v\u00e5r r\u00e5dgivare\u201d, s\u00e4ger hon till tidningen.<\/p>\n","protected":false},"excerpt":{"rendered":"Maria Malmer Stenergard (M) har rest till Eritreas huvudstad Asmara f\u00f6r ett m\u00f6te med landets utrikesminister\u00a0Osman Saleh, rapporterade\u00a0Blankspot\u00a0p\u00e5&hellip;\n","protected":false},"author":2,"featured_media":110384,"comment_status":"","ping_status":"","sticky":false,"template":"","format":"standard","meta":{"footnotes":""},"categories":[5],"tags":[22,23,26,27,17,21,24,25,28,29,15,16,18,34,31,33,32,30,19,20],"class_list":{"0":"post-110383","1":"post","2":"type-post","3":"status-publish","4":"format-standard","5":"has-post-thumbnail","7":"category-rubriker","8":"tag-breaking-news","9":"tag-breakingnews","10":"tag-featured-news","11":"tag-featurednews","12":"tag-headlines","13":"tag-huvudnyheter","14":"tag-latest-news","15":"tag-latestnews","16":"tag-main-news","17":"tag-mainnews","18":"tag-news","19":"tag-nyheter","20":"tag-rubriker","21":"tag-se","22":"tag-svenska","23":"tag-sverige","24":"tag-sweden","25":"tag-swedish","26":"tag-top-stories","27":"tag-topstories"},"share_on_mastodon":{"url":"https:\/\/pubeurope.com\/@se\/115741918702384369","error":""},"_links":{"self":[{"href":"https:\/\/www.europesays.com\/se\/wp-json\/wp\/v2\/posts\/110383","targetHints":{"allow":["GET"]}}],"collection":[{"href":"https:\/\/www.europesays.com\/se\/wp-json\/wp\/v2\/posts"}],"about":[{"href":"https:\/\/www.europesays.com\/se\/wp-json\/wp\/v2\/types\/post"}],"author":[{"embeddable":true,"href":"https:\/\/www.europesays.com\/se\/wp-json\/wp\/v2\/users\/2"}],"replies":[{"embeddable":true,"href":"https:\/\/www.europesays.com\/se\/wp-json\/wp\/v2\/comments?post=110383"}],"version-history":[{"count":0,"href":"https:\/\/www.europesays.com\/se\/wp-json\/wp\/v2\/posts\/110383\/revisions"}],"wp:featuredmedia":[{"embeddable":true,"href":"https:\/\/www.europesays.com\/se\/wp-json\/wp\/v2\/media\/110384"}],"wp:attachment":[{"href":"https:\/\/www.europesays.com\/se\/wp-json\/wp\/v2\/media?parent=110383"}],"wp:term":[{"taxonomy":"category","embeddable":true,"href":"https:\/\/www.europesays.com\/se\/wp-json\/wp\/v2\/categories?post=110383"},{"taxonomy":"post_tag","embeddable":true,"href":"https:\/\/www.europesays.com\/se\/wp-json\/wp\/v2\/tags?post=110383"}],"curies":[{"name":"wp","href":"https:\/\/api.w.org\/{rel}","templated":true}]}}