{"id":110398,"date":"2025-12-18T18:32:12","date_gmt":"2025-12-18T18:32:12","guid":{"rendered":"https:\/\/www.europesays.com\/se\/110398\/"},"modified":"2025-12-18T18:32:12","modified_gmt":"2025-12-18T18:32:12","slug":"polisen-utreder-dodsfall-pa-sodermalm-i-stockholm","status":"publish","type":"post","link":"https:\/\/www.europesays.com\/se\/110398\/","title":{"rendered":"Polisen utreder d\u00f6dsfall p\u00e5 S\u00f6dermalm i Stockholm"},"content":{"rendered":"<p>Publicerad 18 dec 2025 kl 16.03Uppdaterad kl 17.07<\/p>\n<p>En kvinna i 70-\u00e5rs\u00e5ldern har hittats avliden p\u00e5 marken utanf\u00f6r ett bostadshus p\u00e5 S\u00f6dermalm i Stockholm.\u00a0<\/p>\n<p>En man som bor i bostaden, har gripits och en f\u00f6runders\u00f6kning om mord har inletts.<\/p>\n<p>En kvinna i 70-\u00e5rs\u00e5ldern har hittats avliden utomhus vid ett bostadshus p\u00e5 <a href=\"https:\/\/www.expressen.se\/tagg\/location\/sodermalm\/\" class=\"\" rel=\"nofollow noopener\" target=\"_blank\">S\u00f6dermalm<\/a> i Stockholm.\u00a0<\/p>\n<p>Polisen larmades till platsen vid 09.30 p\u00e5 torsdagsmorgonen efter uppgifter om en person som antr\u00e4ffats p\u00e5 marken.<\/p>\n<p>\u2013 Vi vet inte om personen har blivit knuffad. Kvinnan \u00e4r antr\u00e4ffad avliden p\u00e5 marken under en balkong. Hur hon har hamnat d\u00e4r vet vi inte, om hon har hoppat, ramlat eller blivit knuffad, s\u00e4ger Mats Eriksson, presstalesperson vid polisen.<\/p>\n<p>En man i 70-\u00e5rs\u00e5ldern har gripits och en f\u00f6runders\u00f6kning om mord har inletts. Enligt uppgifter till Expressen misst\u00e4nks kvinnan ha blivit knuffad.<\/p>\n<p>\u2013 Den person som ocks\u00e5 bor i l\u00e4genheten \u00e4r gripen. Vi \u00e4r i ett intensivt utredningsl\u00e4ge d\u00e4r vi ska h\u00e5lla f\u00f6rh\u00f6r med den gripne mannen och genomf\u00f6ra en teknisk unders\u00f6kning p\u00e5 platsen d\u00e4r kvinnan antr\u00e4ffats, s\u00e4ger Eriksson.<\/p>\n<p>Enligt polisen var det r\u00e4ddningstj\u00e4nsten som f\u00f6rst kom till platsen, d\u00e4refter ansl\u00f6t polis. Mannen befann sig i bostaden, n\u00e5gra v\u00e5ningar upp, n\u00e4r kvinnan hittades.<\/p>\n<p>\u2013 Vi vet inte hur personen har hamnat d\u00e4r och avlidit. Det finns ingen annan vi kan peka ut i nul\u00e4get, om inte nya uppgifter framkommer. V\u00e5r utg\u00e5ngspunkt \u00e4r att hon har fallit fr\u00e5n balkongen, men det \u00e4r \u00e4nnu oklart, s\u00e4ger Mats Eriksson.<\/p>\n<p>Polisen forts\u00e4tter nu utredningsarbetet och fler f\u00f6rh\u00f6r v\u00e4ntas h\u00e5llas.<\/p>\n<p><img alt=\"\"\/>Ljudklippet gick inte att spela upp<\/p>\n<p>F\u00f6rs\u00f6k igen senare<\/p>\n","protected":false},"excerpt":{"rendered":"Publicerad 18 dec 2025 kl 16.03Uppdaterad kl 17.07 En kvinna i 70-\u00e5rs\u00e5ldern har hittats avliden p\u00e5 marken utanf\u00f6r&hellip;\n","protected":false},"author":2,"featured_media":319,"comment_status":"","ping_status":"","sticky":false,"template":"","format":"standard","meta":{"footnotes":""},"categories":[14],"tags":[22,23,26,27,17,21,24,25,907,28,29,15,16,18,34,154,31,33,32,30,19,710,436,20,51,52,53,54],"class_list":{"0":"post-110398","1":"post","2":"type-post","3":"status-publish","4":"format-standard","5":"has-post-thumbnail","7":"category-varlden","8":"tag-breaking-news","9":"tag-breakingnews","10":"tag-featured-news","11":"tag-featurednews","12":"tag-headlines","13":"tag-huvudnyheter","14":"tag-latest-news","15":"tag-latestnews","16":"tag-location-sodermalm","17":"tag-main-news","18":"tag-mainnews","19":"tag-news","20":"tag-nyheter","21":"tag-rubriker","22":"tag-se","23":"tag-sections-sverige","24":"tag-svenska","25":"tag-sverige","26":"tag-sweden","27":"tag-swedish","28":"tag-top-stories","29":"tag-topic-raddningstjanst-raddningsinsats","30":"tag-topic-valdsbrott-mord","31":"tag-topstories","32":"tag-varlden","33":"tag-world","34":"tag-world-news","35":"tag-worldnews"},"share_on_mastodon":{"url":"https:\/\/pubeurope.com\/@se\/115742005232031187","error":""},"_links":{"self":[{"href":"https:\/\/www.europesays.com\/se\/wp-json\/wp\/v2\/posts\/110398","targetHints":{"allow":["GET"]}}],"collection":[{"href":"https:\/\/www.europesays.com\/se\/wp-json\/wp\/v2\/posts"}],"about":[{"href":"https:\/\/www.europesays.com\/se\/wp-json\/wp\/v2\/types\/post"}],"author":[{"embeddable":true,"href":"https:\/\/www.europesays.com\/se\/wp-json\/wp\/v2\/users\/2"}],"replies":[{"embeddable":true,"href":"https:\/\/www.europesays.com\/se\/wp-json\/wp\/v2\/comments?post=110398"}],"version-history":[{"count":0,"href":"https:\/\/www.europesays.com\/se\/wp-json\/wp\/v2\/posts\/110398\/revisions"}],"wp:featuredmedia":[{"embeddable":true,"href":"https:\/\/www.europesays.com\/se\/wp-json\/wp\/v2\/media\/319"}],"wp:attachment":[{"href":"https:\/\/www.europesays.com\/se\/wp-json\/wp\/v2\/media?parent=110398"}],"wp:term":[{"taxonomy":"category","embeddable":true,"href":"https:\/\/www.europesays.com\/se\/wp-json\/wp\/v2\/categories?post=110398"},{"taxonomy":"post_tag","embeddable":true,"href":"https:\/\/www.europesays.com\/se\/wp-json\/wp\/v2\/tags?post=110398"}],"curies":[{"name":"wp","href":"https:\/\/api.w.org\/{rel}","templated":true}]}}