{"id":110399,"date":"2025-12-18T18:36:14","date_gmt":"2025-12-18T18:36:14","guid":{"rendered":"https:\/\/www.europesays.com\/se\/110399\/"},"modified":"2025-12-18T18:36:14","modified_gmt":"2025-12-18T18:36:14","slug":"officiellt-jallow-atervander-till-ifk-goteborg-allsvenskan","status":"publish","type":"post","link":"https:\/\/www.europesays.com\/se\/110399\/","title":{"rendered":"Officiellt: Jallow \u00e5terv\u00e4nder till IFK G\u00f6teborg &#8211; Allsvenskan"},"content":{"rendered":"<p>Alexander Jallow firade stora framg\u00e5ngar under sina drygt tv\u00e5 och ett halvt \u00e5r med IFK G\u00f6teborg 2020-2022 innan han s\u00e5ldes till italienska Brescia.<\/p>\n<p>Nu v\u00e4nder den 27-\u00e5rige ytterbacken hem till Bl\u00e5vitt och Kamratg\u00e5rden. Kontraktet str\u00e4cker sig \u00f6ver tv\u00e5 \u00e5r.<\/p>\n<p>&#8211; Bl\u00e5vitt \u00e4r en klubb som ligger mig varmt om hj\u00e4rtat och n\u00e4r chansen kom att \u00e5terv\u00e4nda ville jag verkligen ta den, s\u00e4ger Jallow i en kommentar.<\/p>\n<p>Jallow har spelat \u00f6ver 100 matcher f\u00f6r IFK G\u00f6teborg och vann svenska cupen 2020. Han har varit klubbl\u00f6s sedan i somras n\u00e4r hans d\u00e5varande klubb Brescia gick i konkurs och ansluter d\u00e4rmed som bosman efter 78 matcher p\u00e5 tre s\u00e4songer med Serie B-klubben.<\/p>\n<p>&#8211; Jag har haft tre riktigt bra \u00e5r utomlands som har byggt p\u00e5 god erfarenhet och utvecklats till en b\u00e4ttre fotbollsspelare. Jag har breddat mig en hel del bland annat eftersom jag har spelat p\u00e5 fler positioner och i andra spelsystem \u00e4n tidigare, s\u00e4ger Jallow.<\/p>\n<p>Bl\u00e5vitts sportchef Hannes Stiller:<\/p>\n<p>&#8211; Alex vet exakt vad det inneb\u00e4r att spela i IFK G\u00f6teborg och precis som med alla andra tidigare spelare har vi h\u00e5llit koll p\u00e5 honom i utlandet. Vi har haft flera samtal och det var tydligt direkt att b\u00e5de vi och Alex var sugna p\u00e5 att hitta en l\u00f6sning. Vi f\u00e5r till oss en spelare som \u00e4r i en bra \u00e5lder, som har rutin och som \u00e4r bl\u00e5vit sedan tidigare.<\/p>\n","protected":false},"excerpt":{"rendered":"Alexander Jallow firade stora framg\u00e5ngar under sina drygt tv\u00e5 och ett halvt \u00e5r med IFK G\u00f6teborg 2020-2022 innan&hellip;\n","protected":false},"author":2,"featured_media":110400,"comment_status":"","ping_status":"","sticky":false,"template":"","format":"standard","meta":{"footnotes":""},"categories":[68],"tags":[34,111,110,31,33,32,30],"class_list":{"0":"post-110399","1":"post","2":"type-post","3":"status-publish","4":"format-standard","5":"has-post-thumbnail","7":"category-sport","8":"tag-se","9":"tag-sport","10":"tag-sports","11":"tag-svenska","12":"tag-sverige","13":"tag-sweden","14":"tag-swedish"},"share_on_mastodon":{"url":"https:\/\/pubeurope.com\/@se\/115742021030788899","error":""},"_links":{"self":[{"href":"https:\/\/www.europesays.com\/se\/wp-json\/wp\/v2\/posts\/110399","targetHints":{"allow":["GET"]}}],"collection":[{"href":"https:\/\/www.europesays.com\/se\/wp-json\/wp\/v2\/posts"}],"about":[{"href":"https:\/\/www.europesays.com\/se\/wp-json\/wp\/v2\/types\/post"}],"author":[{"embeddable":true,"href":"https:\/\/www.europesays.com\/se\/wp-json\/wp\/v2\/users\/2"}],"replies":[{"embeddable":true,"href":"https:\/\/www.europesays.com\/se\/wp-json\/wp\/v2\/comments?post=110399"}],"version-history":[{"count":0,"href":"https:\/\/www.europesays.com\/se\/wp-json\/wp\/v2\/posts\/110399\/revisions"}],"wp:featuredmedia":[{"embeddable":true,"href":"https:\/\/www.europesays.com\/se\/wp-json\/wp\/v2\/media\/110400"}],"wp:attachment":[{"href":"https:\/\/www.europesays.com\/se\/wp-json\/wp\/v2\/media?parent=110399"}],"wp:term":[{"taxonomy":"category","embeddable":true,"href":"https:\/\/www.europesays.com\/se\/wp-json\/wp\/v2\/categories?post=110399"},{"taxonomy":"post_tag","embeddable":true,"href":"https:\/\/www.europesays.com\/se\/wp-json\/wp\/v2\/tags?post=110399"}],"curies":[{"name":"wp","href":"https:\/\/api.w.org\/{rel}","templated":true}]}}