{"id":110493,"date":"2025-12-18T20:40:18","date_gmt":"2025-12-18T20:40:18","guid":{"rendered":"https:\/\/www.europesays.com\/se\/110493\/"},"modified":"2025-12-18T20:40:18","modified_gmt":"2025-12-18T20:40:18","slug":"nya-samtal-om-gazaplan-i-usa","status":"publish","type":"post","link":"https:\/\/www.europesays.com\/se\/110493\/","title":{"rendered":"Nya samtal om Gazaplan i USA"},"content":{"rendered":"<p>share-arrowDela<\/p>\n<p>unsaveSpara<\/p>\n<p>expand-left<\/p>\n<p>helsk\u00e4rm<img decoding=\"async\" class=\"image-asset hyperion-css-u06ts1\" data-test-tag=\"image-asset\" src=\"https:\/\/www.europesays.com\/se\/wp-content\/uploads\/2025\/12\/3033be63-961d-4dc5-94a2-895fd29f45b7\"  alt=\"Vita husets s\u00e4ndebud Steve Witkoff f\u00f6rhandlar om fred b\u00e5de i Ukraina och Gazaremsan. Arkivbild.\"  loading=\"eager\" fetchpriority=\"high\" style=\"aspect-ratio:1900 \/ 1270\"\/>Vita husets s\u00e4ndebud Steve Witkoff f\u00f6rhandlar om fred b\u00e5de i Ukraina och Gazaremsan. Arkivbild. Foto: Alex Brandon\/AP\/TT<\/p>\n<p class=\"hyperion-css-1shl3oz\" data-test-tag=\"lead-text\">Nya samtal om n\u00e4sta steg i fredsplanen f\u00f6r Gazaremsan kommer att h\u00e5llas i amerikanska Miami p\u00e5 fredagen, uppger Vita huset.<\/p>\n<p class=\"hyperion-css-1v9qo5x\">USA:s s\u00e4ndebud Steve Witkoff ska tr\u00e4ffa representanter fr\u00e5n medlarl\u00e4nderna Qatar och Egypten samt Turkiet. Syftet \u00e4r att diskutera fas tv\u00e5 av vapenvilan mellan Israel och terrorst\u00e4mplade Hamas.<\/p>\n<p class=\"hyperion-css-1v9qo5x\">Den f\u00f6rsta fasen, som \u00e4r p\u00e5 v\u00e4g att avslutas, har inneburit utv\u00e4xling av gisslan och f\u00e5ngar samt ett tillbakadragande av israelisk milit\u00e4r.<\/p>\n<p class=\"hyperion-css-1v9qo5x\">Fas tv\u00e5 beskrivs som sv\u00e5rare. D\u00e5 ska israeliska styrkor backa ytterligare, Hamas l\u00e4gga ned vapnen, ett \u00f6verg\u00e5ngsstyre inf\u00f6ras och en internationell styrka garantera s\u00e4kerheten.<\/p>\n<p class=\"hyperion-css-1v9qo5x\">\u00c4ven samtal om kriget i Ukraina v\u00e4ntar i Miami i helgen.<\/p>\n","protected":false},"excerpt":{"rendered":"share-arrowDela unsaveSpara expand-left helsk\u00e4rmVita husets s\u00e4ndebud Steve Witkoff f\u00f6rhandlar om fred b\u00e5de i Ukraina och Gazaremsan. Arkivbild. Foto:&hellip;\n","protected":false},"author":2,"featured_media":110494,"comment_status":"","ping_status":"","sticky":false,"template":"","format":"standard","meta":{"footnotes":""},"categories":[14],"tags":[22,23,26,27,17,21,24,25,28,29,15,16,18,34,31,33,32,30,19,20,51,52,53,54],"class_list":{"0":"post-110493","1":"post","2":"type-post","3":"status-publish","4":"format-standard","5":"has-post-thumbnail","7":"category-varlden","8":"tag-breaking-news","9":"tag-breakingnews","10":"tag-featured-news","11":"tag-featurednews","12":"tag-headlines","13":"tag-huvudnyheter","14":"tag-latest-news","15":"tag-latestnews","16":"tag-main-news","17":"tag-mainnews","18":"tag-news","19":"tag-nyheter","20":"tag-rubriker","21":"tag-se","22":"tag-svenska","23":"tag-sverige","24":"tag-sweden","25":"tag-swedish","26":"tag-top-stories","27":"tag-topstories","28":"tag-varlden","29":"tag-world","30":"tag-world-news","31":"tag-worldnews"},"share_on_mastodon":{"url":"https:\/\/pubeurope.com\/@se\/115742508854635927","error":""},"_links":{"self":[{"href":"https:\/\/www.europesays.com\/se\/wp-json\/wp\/v2\/posts\/110493","targetHints":{"allow":["GET"]}}],"collection":[{"href":"https:\/\/www.europesays.com\/se\/wp-json\/wp\/v2\/posts"}],"about":[{"href":"https:\/\/www.europesays.com\/se\/wp-json\/wp\/v2\/types\/post"}],"author":[{"embeddable":true,"href":"https:\/\/www.europesays.com\/se\/wp-json\/wp\/v2\/users\/2"}],"replies":[{"embeddable":true,"href":"https:\/\/www.europesays.com\/se\/wp-json\/wp\/v2\/comments?post=110493"}],"version-history":[{"count":0,"href":"https:\/\/www.europesays.com\/se\/wp-json\/wp\/v2\/posts\/110493\/revisions"}],"wp:featuredmedia":[{"embeddable":true,"href":"https:\/\/www.europesays.com\/se\/wp-json\/wp\/v2\/media\/110494"}],"wp:attachment":[{"href":"https:\/\/www.europesays.com\/se\/wp-json\/wp\/v2\/media?parent=110493"}],"wp:term":[{"taxonomy":"category","embeddable":true,"href":"https:\/\/www.europesays.com\/se\/wp-json\/wp\/v2\/categories?post=110493"},{"taxonomy":"post_tag","embeddable":true,"href":"https:\/\/www.europesays.com\/se\/wp-json\/wp\/v2\/tags?post=110493"}],"curies":[{"name":"wp","href":"https:\/\/api.w.org\/{rel}","templated":true}]}}