{"id":110497,"date":"2025-12-18T20:45:14","date_gmt":"2025-12-18T20:45:14","guid":{"rendered":"https:\/\/www.europesays.com\/se\/110497\/"},"modified":"2025-12-18T20:45:14","modified_gmt":"2025-12-18T20:45:14","slug":"patrik-sjobergs-skuld-efter-pandemin-18-miljoner-kronor","status":"publish","type":"post","link":"https:\/\/www.europesays.com\/se\/110497\/","title":{"rendered":"Patrik Sj\u00f6bergs skuld efter pandemin: 1,8 miljoner kronor"},"content":{"rendered":"<p>Publicerad 18 dec 2025 kl 18.04Uppdaterad kl 21.04<\/p>\n<p>Patrik Sj\u00f6berg har 1,8 miljoner kronor i skuld hos Kronofogden.\u00a0<\/p>\n<p>Den f\u00f6re detta h\u00f6jdhoppsstj\u00e4rnan och numera Dumpen-profilen har ans\u00f6kt om skuldsanering, men f\u00e5tt avslag.\u00a0<\/p>\n<p>\u2013 Jag som m\u00e5nga andra drabbades h\u00e5rt av pandemin, s\u00e4ger Sj\u00f6berg i en kommentar till Expressen.\u00a0<\/p>\n<p><img   alt=\"\"\/><\/p>\n<p>Patrik Sj\u00f6berg.<\/p>\n<p>Foto: HANNA BRUNL\u00d6F<\/p>\n<p>\u00d6ppna bild i helsk\u00e4rm<\/p>\n<p>Det har g\u00e5tt 25 \u00e5r sedan <a href=\"https:\/\/www.expressen.se\/tagg\/person\/patrik-sjoberg\/\" class=\"\" rel=\"nofollow noopener\" target=\"_blank\">Patrik Sj\u00f6berg<\/a>, 60, avslutade sin h\u00f6jdhoppskarri\u00e4r som inneh\u00f6ll b\u00e5de OS-medaljer, VM-medaljer och v\u00e4rldsrekord.<\/p>\n<p>Efter idrottskarri\u00e4ren har han haft ett antal olika tv-uppdrag, men ocks\u00e5 f\u00f6rel\u00e4st.<\/p>\n<p>De senaste \u00e5ren har han dock lagt all kraft p\u00e5 sitt arbete med Dumpen, pedofilj\u00e4garsajten som han driver tillsammans med Sara Nilsson.\u00a0<\/p>\n<p>I en intervju med <a href=\"https:\/\/www.expressen.se\/nyheter\/sverige\/patrik-sjoberg-jag-ar-svartlistad-fran-alla-uppdrag\/\" rel=\"nofollow noopener\" target=\"_blank\">Expressen<\/a> tidigare i \u00e5r ber\u00e4ttade Sj\u00f6berg att Dumpens verksamhet finansieras av reklam p\u00e5 hemsidan samt Swish-donationer. Sin privata ekonomi kommenterade han med att \u201ddet inte \u00e4r guld och gr\u00f6na skogar\u201d, men att han nu g\u00f6r \u201dn\u00e5got vettigt\u201d.<\/p>\n<p>Skulder p\u00e5 \u00f6ver 1,8 miljoner<\/p>\n<p>Enligt handlingar som Expressen har tagit del av st\u00e5r det klart att Patrik Sj\u00f6berg dras med stora skulder.\u00a0<\/p>\n<p>Kronofogden bekr\u00e4ftar att Sj\u00f6bergs skuldsaldo uppg\u00e5r till drygt 1,8 miljoner kronor. Det handlar bland annat om skulder hos SEB och ett indrivningsf\u00f6retag.<\/p>\n<p>Tidigare i \u00e5r ans\u00f6kte Patrik Sj\u00f6berg om skuldsanering men fick avslag i b\u00f6rjan av december, det bekr\u00e4ftar Kronofogden f\u00f6r Expressen.\u00a0<\/p>\n<p>Patrik Sj\u00f6berg: \u201d\u00c4r \u00f6verklagat\u201d<\/p>\n<p>Patrik Sj\u00f6berg ber\u00e4ttar samma sak f\u00f6r Expressen.<\/p>\n<p>\u2013 Jag som m\u00e5nga andra drabbades h\u00e5rt av pandemin. Det \u00e4r \u00f6verklagat, och till och med Kronofogden s\u00e4ger att det \u00e4r ett case som de inte har erfarenhet av, s\u00e4ger han i en kommentar.\u00a0<\/p>\n<p>Sj\u00f6berg var sv\u00e5rt sjuk i sepsis i b\u00f6rjan av 2021 och genomgick en l\u00e5ng rehabilitering efter det.\u00a0<\/p>\n<p><img loading=\"lazy\"   alt=\"\"\/><\/p>\n<p>Patrik Sj\u00f6berg s\u00e4ger att pandemin satt tuffa sp\u00e5r ekonomiskt f\u00f6r honom och m\u00e5nga andra.<\/p>\n<p>Foto: HANNA BRUNL\u00d6F WINDELL<\/p>\n<p>\u00d6ppna bild i helsk\u00e4rmSj\u00f6berg: \u201dSvartlista mig\u201d<\/p>\n<p>Tidigare i \u00e5r fyllde Patrik Sj\u00f6berg 60 \u00e5r. N\u00e5gra andra framtidsplaner \u00e4n att att forts\u00e4tta arbetet med Dumpen har han inte.<\/p>\n<p>Och det finns enligt honom heller inga alternativ.\u00a0<\/p>\n<p>\u2013 Det h\u00e4r jobbet har svartlistat mig fr\u00e5n allt annat jag har jobbat med tidigare. Tv-marknaden har v\u00e4nt mig ryggen helt, jag f\u00e5r inga f\u00f6rel\u00e4sningar heller l\u00e4ngre. Men det \u00e4r sk\u00f6nt, jag har fullt upp med det h\u00e4r. Det \u00e4r bara m\u00e4rkligt att barnr\u00e4ttsfr\u00e5gor \u00e4r kontroversiellt, <a href=\"https:\/\/www.expressen.se\/nyheter\/sverige\/patrik-sjoberg-jag-ar-svartlistad-fran-alla-uppdrag\/\" rel=\"nofollow noopener\" target=\"_blank\">sa han d\u00e5<\/a>.\u00a0<\/p>\n<p><strong>L\u00c4S MER: <\/strong><a href=\"https:\/\/www.expressen.se\/nyheter\/sverige\/patrik-sjoberg-jag-ar-svartlistad-fran-alla-uppdrag\/\" class=\"\" rel=\"nofollow noopener\" target=\"_blank\">Patrik Sj\u00f6berg: \u201dJag \u00e4r svartlistad fr\u00e5n alla uppdrag\u201d<\/a><\/p>\n","protected":false},"excerpt":{"rendered":"Publicerad 18 dec 2025 kl 18.04Uppdaterad kl 21.04 Patrik Sj\u00f6berg har 1,8 miljoner kronor i skuld hos Kronofogden.\u00a0&hellip;\n","protected":false},"author":2,"featured_media":110498,"comment_status":"","ping_status":"","sticky":false,"template":"","format":"standard","meta":{"footnotes":""},"categories":[68],"tags":[1241,3458,34,154,111,110,31,33,32,30],"class_list":{"0":"post-110497","1":"post","2":"type-post","3":"status-publish","4":"format-standard","5":"has-post-thumbnail","7":"category-sport","8":"tag-organization-dumpen","9":"tag-person-patrik-sjoberg","10":"tag-se","11":"tag-sections-sverige","12":"tag-sport","13":"tag-sports","14":"tag-svenska","15":"tag-sverige","16":"tag-sweden","17":"tag-swedish"},"share_on_mastodon":{"url":"","error":""},"_links":{"self":[{"href":"https:\/\/www.europesays.com\/se\/wp-json\/wp\/v2\/posts\/110497","targetHints":{"allow":["GET"]}}],"collection":[{"href":"https:\/\/www.europesays.com\/se\/wp-json\/wp\/v2\/posts"}],"about":[{"href":"https:\/\/www.europesays.com\/se\/wp-json\/wp\/v2\/types\/post"}],"author":[{"embeddable":true,"href":"https:\/\/www.europesays.com\/se\/wp-json\/wp\/v2\/users\/2"}],"replies":[{"embeddable":true,"href":"https:\/\/www.europesays.com\/se\/wp-json\/wp\/v2\/comments?post=110497"}],"version-history":[{"count":0,"href":"https:\/\/www.europesays.com\/se\/wp-json\/wp\/v2\/posts\/110497\/revisions"}],"wp:featuredmedia":[{"embeddable":true,"href":"https:\/\/www.europesays.com\/se\/wp-json\/wp\/v2\/media\/110498"}],"wp:attachment":[{"href":"https:\/\/www.europesays.com\/se\/wp-json\/wp\/v2\/media?parent=110497"}],"wp:term":[{"taxonomy":"category","embeddable":true,"href":"https:\/\/www.europesays.com\/se\/wp-json\/wp\/v2\/categories?post=110497"},{"taxonomy":"post_tag","embeddable":true,"href":"https:\/\/www.europesays.com\/se\/wp-json\/wp\/v2\/tags?post=110497"}],"curies":[{"name":"wp","href":"https:\/\/api.w.org\/{rel}","templated":true}]}}