{"id":110499,"date":"2025-12-18T20:46:37","date_gmt":"2025-12-18T20:46:37","guid":{"rendered":"https:\/\/www.europesays.com\/se\/110499\/"},"modified":"2025-12-18T20:46:37","modified_gmt":"2025-12-18T20:46:37","slug":"bengt-lindstrom-far-egen-gata-i-harnosand","status":"publish","type":"post","link":"https:\/\/www.europesays.com\/se\/110499\/","title":{"rendered":"Bengt Lindstr\u00f6m f\u00e5r egen gata i H\u00e4rn\u00f6sand"},"content":{"rendered":"<p class=\"normal\">Det \u00e4r en gata intill Teatern som nu f\u00e5r sitt namn, p\u00e5 en plats d\u00e4r kultur och offentligt liv l\u00e4nge haft en sj\u00e4lvklar n\u00e4rvaro. Efter m\u00e5nga \u00e5rs v\u00e4ntan har f\u00f6ruts\u00e4ttningarna fallit p\u00e5 plats och Bengt Lindstr\u00f6m f\u00e5r d\u00e4rmed en tydlig och varaktig plats i stadens milj\u00f6.<\/p>\n<p class=\"normal\">Fr\u00e5gan om att uppkalla en gata efter Bengt Lindstr\u00f6m v\u00e4cktes redan 2008. D\u00e5 pekades omr\u00e5den med tydlig kulturell anknytning ut som s\u00e4rskilt l\u00e4mpliga, men under l\u00e5ng tid saknades r\u00e4tt tillf\u00e4lle. N\u00e4r kommunen under 2025 uppm\u00e4rksammade att en gata n\u00e4ra Teatern helt saknade namn blev l\u00f6sningen tydlig.<\/p>\n<p class=\"normal\">\u2013 Det h\u00e4r \u00e4r ett fint s\u00e4tt att hedra en person som betytt mycket f\u00f6r H\u00e4rn\u00f6sand och f\u00f6r konsten l\u00e5ngt utanf\u00f6r stadens gr\u00e4nser. Gatunamn \u00e4r en del av v\u00e5rt gemensamma minne och Bengt Lindstr\u00f6m h\u00f6r hemma d\u00e4r, s\u00e4ger samh\u00e4llsn\u00e4mndens ordf\u00f6rande, Helena Elfvendal (MP).<\/p>\n<p class=\"normal\">Att namngivningen sker just i \u00e5r \u00e4r heller ingen slump. Under h\u00f6sten 2025 uppm\u00e4rksammas 100-\u00e5rsminnet av Bengt Lindstr\u00f6ms f\u00f6delse, vilket ger beslutet ytterligare symbolisk tyngd. Platsen, tidpunkten och namnet knyts samman i en helhet d\u00e4r stadens historia m\u00f6ter samtiden.<\/p>\n<p class=\"normal\">Med Bengt Lindstr\u00f6ms gata skrivs ett nytt kapitel in p\u00e5 H\u00e4rn\u00f6sands karta, ett som p\u00e5minner om kreativitet, f\u00e4rgstyrka och stadens starka koppling till kulturen.<\/p>\n<p class=\"normal\">\u2013 Bengt Lindstr\u00f6m \u00e4r en av H\u00e4rn\u00f6sands stora kulturpersonligheter. Att uppkalla en gata efter honom \u00e4r ett s\u00e4tt att visa stolthet \u00f6ver stadens historia och kulturliv, s\u00e4ger samh\u00e4llsn\u00e4mndens andre vice ordf\u00f6rande, Christian Wasell (M).<\/p>\n","protected":false},"excerpt":{"rendered":"Det \u00e4r en gata intill Teatern som nu f\u00e5r sitt namn, p\u00e5 en plats d\u00e4r kultur och offentligt&hellip;\n","protected":false},"author":2,"featured_media":110500,"comment_status":"","ping_status":"","sticky":false,"template":"","format":"standard","meta":{"footnotes":""},"categories":[67],"tags":[12222,104,12224,12223,34,31,33,32,30,12225,105],"class_list":{"0":"post-110499","1":"post","2":"type-post","3":"status-publish","4":"format-standard","5":"has-post-thumbnail","7":"category-underhallning","8":"tag-bengt","9":"tag-entertainment","10":"tag-gata","11":"tag-lindstrom","12":"tag-se","13":"tag-svenska","14":"tag-sverige","15":"tag-sweden","16":"tag-swedish","17":"tag-teatern","18":"tag-underhallning"},"share_on_mastodon":{"url":"https:\/\/pubeurope.com\/@se\/115742532306312279","error":""},"_links":{"self":[{"href":"https:\/\/www.europesays.com\/se\/wp-json\/wp\/v2\/posts\/110499","targetHints":{"allow":["GET"]}}],"collection":[{"href":"https:\/\/www.europesays.com\/se\/wp-json\/wp\/v2\/posts"}],"about":[{"href":"https:\/\/www.europesays.com\/se\/wp-json\/wp\/v2\/types\/post"}],"author":[{"embeddable":true,"href":"https:\/\/www.europesays.com\/se\/wp-json\/wp\/v2\/users\/2"}],"replies":[{"embeddable":true,"href":"https:\/\/www.europesays.com\/se\/wp-json\/wp\/v2\/comments?post=110499"}],"version-history":[{"count":0,"href":"https:\/\/www.europesays.com\/se\/wp-json\/wp\/v2\/posts\/110499\/revisions"}],"wp:featuredmedia":[{"embeddable":true,"href":"https:\/\/www.europesays.com\/se\/wp-json\/wp\/v2\/media\/110500"}],"wp:attachment":[{"href":"https:\/\/www.europesays.com\/se\/wp-json\/wp\/v2\/media?parent=110499"}],"wp:term":[{"taxonomy":"category","embeddable":true,"href":"https:\/\/www.europesays.com\/se\/wp-json\/wp\/v2\/categories?post=110499"},{"taxonomy":"post_tag","embeddable":true,"href":"https:\/\/www.europesays.com\/se\/wp-json\/wp\/v2\/tags?post=110499"}],"curies":[{"name":"wp","href":"https:\/\/api.w.org\/{rel}","templated":true}]}}