{"id":110517,"date":"2025-12-18T21:06:08","date_gmt":"2025-12-18T21:06:08","guid":{"rendered":"https:\/\/www.europesays.com\/se\/110517\/"},"modified":"2025-12-18T21:06:08","modified_gmt":"2025-12-18T21:06:08","slug":"sa-ska-trump-fa-en-mandatperiod-till","status":"publish","type":"post","link":"https:\/\/www.europesays.com\/se\/110517\/","title":{"rendered":"S\u00e5 ska Trump f\u00e5 en mandatperiod till"},"content":{"rendered":"<p>Publicerad 18 dec 2025 kl 18.17Uppdaterad kl 19.07<\/p>\n<p>Advokaten Alan Dershowitz har lagt fram sin plan f\u00f6r Donald Trump.<\/p>\n<p>S\u00e5 ska presidenten kunna sitta kvar fyra \u00e5r till \u2013 trots att grundlagen inte till\u00e5ter det.<\/p>\n<p>Senaste klippen om Trump-administrationen.<img   alt=\"\"\/><\/p>\n<p>Alan Dershowitz har skrivit en bok om hur Donald Trump ska kunna runda grundlagen.<\/p>\n<p>Foto: Lev Radin \/ TT<\/p>\n<p>\u00d6ppna bild i helsk\u00e4rm<img loading=\"lazy\"   alt=\"\"\/><\/p>\n<p>Bidragsgivaren Miriam Adelson t\u00e4nde p\u00e5 id\u00e9n.<\/p>\n<p>Foto: INSTAR \/ STELLA PICTURES<\/p>\n<p>\u00d6ppna bild i helsk\u00e4rmARTIKELN I KORTHET<\/p>\n<p>\u00a0Alan Dershowitz har presenterat juridiska teorier f\u00f6r Donald Trump om hur han skulle kunna forts\u00e4tta som president trots grundlagens begr\u00e4nsning till tv\u00e5 mandatperioder.<\/p>\n<p> Enligt Dershowitz skulle valet kunna avg\u00f6ras av kongressen, efter att elektorer i elektorskollegiet avst\u00e5r fr\u00e5n att r\u00f6sta.<\/p>\n<p>\u00a0Juridikprofessorn James Sample kallar id\u00e9n absurd och beskriver ett alternativt scenario han oroar sig mer f\u00f6r.<\/p>\n<p> Samtalet om en tredje mandatperiod f\u00f6rdes i samband med ett chanukkah-firande i Vita huset, d\u00e4r \u00e4ven storbidragsgivaren Miriam Adelson deltog.<\/p>\n<p>Visa mer<\/p>\n<p>Konstitutionen \u00e4r tydlig. Det 22:a till\u00e4gget s\u00e4ger att \u201dingen person f\u00e5r v\u00e4ljas till president\u00e4mbetet mer \u00e4n tv\u00e5 g\u00e5nger\u201d och sl\u00e5r dessutom fast att en person som varit president i mer \u00e4n tv\u00e5 \u00e5r inte kan v\u00e4ljas mer \u00e4n ytterligare en mandatperiod.\u00a0<\/p>\n<p>\u00c4nd\u00e5 forts\u00e4tter <a href=\"https:\/\/www.expressen.se\/tagg\/person\/donald-trump\/\" class=\"\" rel=\"nofollow noopener\" target=\"_blank\">Donald Trump<\/a> och personer i hans omgivning att lyfta id\u00e9n om att han kan sitta ytterligare en mandatperiod.\u00a0<\/p>\n<p>Nu har Donald Trumps f\u00f6re detta advokat, den skandalomsusade Alan Dershowitz, presenterat en bok f\u00f6r presidenten med olika teorier om hur Trump skulle kunna forts\u00e4tta som president \u00e4ven efter 2028.\u00a0<\/p>\n<p>I en intervju med <a href=\"https:\/\/www.wsj.com\/politics\/elections\/trump-told-by-alan-dershowitz-constitutionality-of-third-term-is-unclear-33133eb8?mod=hp_lead_pos6\" rel=\"nofollow noopener\" target=\"_blank\">Wall Street Journal <\/a>s\u00e4ger Dershowitz att han sagt till Trump att konstitutionen inte \u00e4r tydlig i fr\u00e5gan och gett honom ett exemplar av sin kommande bok \u201dCould President Trump Constitutionally Serve a Third Term?\u201d.\u00a0<\/p>\n<p>\u2013 Jag sade att det inte \u00e4r klart om en president kan sitta en tredje mandatperiod, att det inte \u00e4r klart om det \u00e4r till\u00e5tet, s\u00e4ger Dershowitz.<\/p>\n<p>\u2013 Han tyckte att det var intressant som en intellektuell fr\u00e5ga. Tror jag att han kommer att st\u00e4lla upp f\u00f6r en tredje mandatperiod? Nej, det tror jag inte.<\/p>\n<p>Professorn oroar sig f\u00f6r annat scenario<\/p>\n<p>F\u00f6r tidningen beskriver advokaten hur Trump skulle kunna runda konstitutionen genom att elektorerna i elektorskollegiet avst\u00e5r fr\u00e5n att l\u00e4gga sina r\u00f6ster n\u00e4r de samlas. N\u00e4r de avst\u00e5r skulle valet i st\u00e4llet avg\u00f6ras av kongressen, menar Dershowitz.<\/p>\n<p>\u2013 D\u00e5 utser de, snarare \u00e4n v\u00e4ljer, presidenten, s\u00e4ger han.<\/p>\n<p>James Sample, professor i juridik, kallar Dershowitz id\u00e9 f\u00f6r \u201dabsurd\u201d, men ser ett annat s\u00e4tt framf\u00f6r sig som Trump skulle kunna f\u00f6rs\u00f6ka f\u00e5 en till mandatperiod: Att tv\u00e5 allierade st\u00e4ller upp som president- och vicepresidentkandidat och sedan avg\u00e5r. Enligt konstitutionen \u00e4r det d\u00e5 talmannen i representanthuset som tar \u00f6ver presidentposten.<\/p>\n<p>\u2013 Eftersom talmannen inte m\u00e5ste vara ledamot kan Trump v\u00e4ljas till talman, med succession som m\u00e5l, skriver han i ett mejl.<\/p>\n<p>Samtalet f\u00f6rekom i samband med ett chanukkah-firande i Vita huset. I ett klipp som f\u00e5tt stor spridning talar Trump med Miriam Adelson, en stor bidragsgivare, p\u00e5 scen. Hon ber\u00e4ttar att hon talat med Dershowitz om \u201dfyra \u00e5r till\u201d.<\/p>\n<p>\u2013 Jag sa: &#8217;Alan, jag h\u00e5ller med dig&#8217;, s\u00e4ger hon och v\u00e4nder sig mot Trump.\u00a0<\/p>\n<p>\u2013 Vi kan g\u00f6ra det. T\u00e4nk p\u00e5 det!<\/p>\n<p>Sedan s\u00e4ger hon n\u00e5got oh\u00f6rbart medan publiken b\u00f6rjar skandera \u201dFyra \u00e5r till\u201d.<\/p>\n<p>\u2013 Hon sa: &#8217;T\u00e4nk p\u00e5 det, jag kan ge dig 250 miljoner dollar till&#8217;, s\u00e4ger presidenten.\u00a0<\/p>\n<p>Alan Dershowitz har \u00e4ven varit Jeffrey Epsteins advokat och har kritiserats f\u00f6r hur han f\u00f6rsvarade pedofilmiljard\u00e4ren och f\u00f6r hur han talade om offren. Han f\u00f6rekommer flitigt i dokumenten kopplade till Epstein \u2013 inte bara som f\u00f6rsvarare \u2013 och anklagades sj\u00e4lv f\u00f6r \u00f6vergrepp av Virginia Giuffre. Giuffre tog sedan tillbaka anklagelserna och sa att hon inte var s\u00e4ker p\u00e5 att Dershowitz var r\u00e4tt person.\u00a0<\/p>\n","protected":false},"excerpt":{"rendered":"Publicerad 18 dec 2025 kl 18.17Uppdaterad kl 19.07 Advokaten Alan Dershowitz har lagt fram sin plan f\u00f6r Donald&hellip;\n","protected":false},"author":2,"featured_media":110518,"comment_status":"","ping_status":"","sticky":false,"template":"","format":"standard","meta":{"footnotes":""},"categories":[5],"tags":[22,23,26,27,17,21,24,25,28,29,15,16,198,18,34,55,31,33,32,30,19,204,20],"class_list":{"0":"post-110517","1":"post","2":"type-post","3":"status-publish","4":"format-standard","5":"has-post-thumbnail","7":"category-rubriker","8":"tag-breaking-news","9":"tag-breakingnews","10":"tag-featured-news","11":"tag-featurednews","12":"tag-headlines","13":"tag-huvudnyheter","14":"tag-latest-news","15":"tag-latestnews","16":"tag-main-news","17":"tag-mainnews","18":"tag-news","19":"tag-nyheter","20":"tag-person-donald-trump","21":"tag-rubriker","22":"tag-se","23":"tag-sections-varlden","24":"tag-svenska","25":"tag-sverige","26":"tag-sweden","27":"tag-swedish","28":"tag-top-stories","29":"tag-topic-amerikansk-politik","30":"tag-topstories"},"share_on_mastodon":{"url":"https:\/\/pubeurope.com\/@se\/115742610771908736","error":""},"_links":{"self":[{"href":"https:\/\/www.europesays.com\/se\/wp-json\/wp\/v2\/posts\/110517","targetHints":{"allow":["GET"]}}],"collection":[{"href":"https:\/\/www.europesays.com\/se\/wp-json\/wp\/v2\/posts"}],"about":[{"href":"https:\/\/www.europesays.com\/se\/wp-json\/wp\/v2\/types\/post"}],"author":[{"embeddable":true,"href":"https:\/\/www.europesays.com\/se\/wp-json\/wp\/v2\/users\/2"}],"replies":[{"embeddable":true,"href":"https:\/\/www.europesays.com\/se\/wp-json\/wp\/v2\/comments?post=110517"}],"version-history":[{"count":0,"href":"https:\/\/www.europesays.com\/se\/wp-json\/wp\/v2\/posts\/110517\/revisions"}],"wp:featuredmedia":[{"embeddable":true,"href":"https:\/\/www.europesays.com\/se\/wp-json\/wp\/v2\/media\/110518"}],"wp:attachment":[{"href":"https:\/\/www.europesays.com\/se\/wp-json\/wp\/v2\/media?parent=110517"}],"wp:term":[{"taxonomy":"category","embeddable":true,"href":"https:\/\/www.europesays.com\/se\/wp-json\/wp\/v2\/categories?post=110517"},{"taxonomy":"post_tag","embeddable":true,"href":"https:\/\/www.europesays.com\/se\/wp-json\/wp\/v2\/tags?post=110517"}],"curies":[{"name":"wp","href":"https:\/\/api.w.org\/{rel}","templated":true}]}}