{"id":110525,"date":"2025-12-18T21:15:11","date_gmt":"2025-12-18T21:15:11","guid":{"rendered":"https:\/\/www.europesays.com\/se\/110525\/"},"modified":"2025-12-18T21:15:11","modified_gmt":"2025-12-18T21:15:11","slug":"chaufforen-om-bussolyckan-pa-valhallavagen-skulle-ta-rast","status":"publish","type":"post","link":"https:\/\/www.europesays.com\/se\/110525\/","title":{"rendered":"Chauff\u00f6ren om bussolyckan p\u00e5 Valhallav\u00e4gen: Skulle ta rast"},"content":{"rendered":"<p data-testid=\"lead\" itemprop=\"description\">Egna orden: Jag k\u00e4nde mig normal \u2013 skulle parkera bussen \u2022 Hade jobbat fem dagar i str\u00e4ck<\/p>\n<p class=\"sc-c25743f0-0 sc-e37c0145-2 hObFds DQgPn\"><strong>Tre dog och flera skadades i bussolyckan i Stockholm.<br \/>Chauff\u00f6ren ber\u00e4ttar i f\u00f6rh\u00f6r om det sista han minns innan allt svartnade.<br \/>\u2013 Jag \u00e4r medveten, helt och h\u00e5llet, att jag skulle sl\u00e4ppa av folk, k\u00f6ra runt, sen parkera bussen f\u00f6r att ta en rast, s\u00e4ger han till polisen.<\/strong><\/p>\n<p class=\"sc-c25743f0-0 sc-e37c0145-2 hObFds DQgPn\">Klockan var strax efter 15 <a href=\"https:\/\/www.tv4.se\/busskraschen-i-stockholm\" class=\"pcc\" target=\"_top\" rel=\"nofollow noopener\">den 14 november<\/a> n\u00e4r SL-bussen k\u00f6rde rakt in i Tekniska h\u00f6gskolans busskur p\u00e5 Valhallav\u00e4gen p\u00e5 \u00d6stermalm i centrala Stockholm.<\/p>\n<p class=\"sc-c25743f0-0 sc-e37c0145-2 hObFds DQgPn\">Tre kvinnor mellan 55-65 \u00e5r dog och flera personer skadades. Busschauff\u00f6ren greps f\u00f6r v\u00e5llande till annans d\u00f6d och kroppsskada, men sl\u00e4pptes senare d\u00e5 han enligt \u00e5klagaren inte hade upps\u00e5t att k\u00f6ra p\u00e5 n\u00e5gon.<\/p>\n<p class=\"sc-c25743f0-0 sc-e37c0145-2 hObFds DQgPn\">I f\u00f6rra veckan meddelade Haverikommissionen att <a href=\"https:\/\/www.tv4.se\/artikel\/4tPT09F3QVl9G7ysuIxcYq\/haverikommissionen-busschauffoeren-var-medvetsloes-vid-doedsolyckan\" class=\"pcc\" target=\"_top\" rel=\"nofollow noopener\">deras utredning l\u00e4ggs ned<\/a> d\u00e5 \u00f6vervakningskameror inifr\u00e5n bussen visar att chauff\u00f6ren drabbades av ett sjukdomsfall och var medvetsl\u00f6s. Fordonet hade inte heller n\u00e5gra tekniska fel.<\/p>\n<p class=\"sc-c25743f0-0 sc-e37c0145-2 hObFds DQgPn\">R\u00e4ddningstj\u00e4nstens egna bilder fr\u00e5n kaoset, som TV4 Nyheterna nu kan publicera, visar hur dubbeld\u00e4ckaren rammade busskuren, k\u00f6rde \u00f6ver tr\u00e4d och ett 40-tal meter p\u00e5 trottoaren. F\u00e4rden tog slut n\u00e4r bussen \u00e5kte in i en stolpe.<\/p>\n<p class=\"sc-c25743f0-0 sc-e37c0145-2 hObFds DQgPn\">TV4 Nyheterna kan nu \u00e5terge busschauff\u00f6rens egna ord om d\u00f6dsolyckan.<\/p>\n<p>\u201dK\u00e4nde mig normal \u2013 skulle ta en matrast\u201d<\/p>\n<p class=\"sc-c25743f0-0 sc-e37c0145-2 hObFds DQgPn\">Chauff\u00f6ren uppger i polisutredningen att det var hans femte arbetsdag i str\u00e4ck. Han hade den aktuella dagen klivit p\u00e5 arbetspasset vid 13-tiden och skulle k\u00f6ra buss 676.<\/p>\n<p class=\"sc-c25743f0-0 sc-e37c0145-2 hObFds DQgPn\">\u2013 Jag m\u00e5dde som normalt, s\u00e4ger han i polisf\u00f6rh\u00f6r och till\u00e4gger att han inte k\u00e4nde sig tr\u00f6tt.<\/p>\n<p class=\"sc-c25743f0-0 sc-e37c0145-2 hObFds DQgPn\">Efter att ha varit i bussgaraget och k\u00f6rt rutten en g\u00e5ng anl\u00e4nde han till bussterminalen vid Tekniska h\u00f6gskolan vid 15-tiden. Enligt honom sl\u00e4ppte han av passagerarna och skulle ta en paus och \u00e4ta mat.<\/p>\n<p class=\"sc-c25743f0-0 sc-e37c0145-2 hObFds DQgPn\">\u2013 Jag sl\u00e4ppte av folk och k\u00f6rde runt, sen skulle jag st\u00e4lla bussen p\u00e5 en avst\u00e4llningsplats. F\u00f6r en matrast. (..) Det finns rastlokal och toaletter, s\u00e4ger busschauff\u00f6ren.<\/p>\n<p class=\"sc-c25743f0-0 sc-e37c0145-2 hObFds DQgPn\">\u2013 Jag k\u00e4nde mig normal.<\/p>\n<p class=\"sc-c25743f0-0 sc-e37c0145-2 hObFds DQgPn\">Sedan blev allt svart.<\/p>\n<p>\u201dDet var en stolpe framf\u00f6r mig\u201d<\/p>\n<p class=\"sc-c25743f0-0 sc-e37c0145-2 hObFds DQgPn\">N\u00e4sta minne busschauff\u00f6ren har \u00e4r efter kraschen.<\/p>\n<p class=\"sc-c25743f0-0 sc-e37c0145-2 hObFds DQgPn\">\u2013 Jag vet inte vad som har h\u00e4nt, det var en stolpe framf\u00f6r mig, s\u00e4ger han till polisen.<\/p>\n<p class=\"sc-c25743f0-0 sc-e37c0145-2 hObFds DQgPn\">Mannen ber\u00e4ttar att han \u201defter en stund\u201d f\u00f6rstod att han \u00e4r i en buss och att han \u00e4r p\u00e5 jobbet. N\u00e4sta situation \u00e4r att polisen stod utanf\u00f6r fordonet och pratade med honom.<\/p>\n<p class=\"sc-c25743f0-0 sc-e37c0145-2 hObFds DQgPn\">\u2013 De f\u00f6rs\u00f6kte \u00f6ppna d\u00f6rrarna, s\u00e4ger han och till\u00e4gger att han sj\u00e4lv inte kunde \u00f6ppna d\u00f6rrarna.<\/p>\n<p class=\"sc-c25743f0-0 sc-e37c0145-2 hObFds DQgPn\">Vidare i f\u00f6rh\u00f6ret fr\u00e5gar polisen om busschauff\u00f6rens sjukdomshistoria. Han svarar att han var hos l\u00e4kare f\u00f6r tv\u00e5 till tre \u00e5r sedan men att \u201dde hittade inte n\u00e5gonting\u201d.<\/p>\n<p class=\"sc-c25743f0-0 sc-e37c0145-2 hObFds DQgPn\">TV4 Nyheterna har s\u00f6kt \u00e5klagaren som leder f\u00f6runders\u00f6kningen.<\/p>\n","protected":false},"excerpt":{"rendered":"Egna orden: Jag k\u00e4nde mig normal \u2013 skulle parkera bussen \u2022 Hade jobbat fem dagar i str\u00e4ck Tre&hellip;\n","protected":false},"author":2,"featured_media":110526,"comment_status":"","ping_status":"","sticky":false,"template":"","format":"standard","meta":{"footnotes":""},"categories":[5],"tags":[22,23,26,27,17,21,24,25,28,29,15,16,18,34,31,33,32,30,19,20],"class_list":{"0":"post-110525","1":"post","2":"type-post","3":"status-publish","4":"format-standard","5":"has-post-thumbnail","7":"category-rubriker","8":"tag-breaking-news","9":"tag-breakingnews","10":"tag-featured-news","11":"tag-featurednews","12":"tag-headlines","13":"tag-huvudnyheter","14":"tag-latest-news","15":"tag-latestnews","16":"tag-main-news","17":"tag-mainnews","18":"tag-news","19":"tag-nyheter","20":"tag-rubriker","21":"tag-se","22":"tag-svenska","23":"tag-sverige","24":"tag-sweden","25":"tag-swedish","26":"tag-top-stories","27":"tag-topstories"},"share_on_mastodon":{"url":"https:\/\/pubeurope.com\/@se\/115742646161620403","error":""},"_links":{"self":[{"href":"https:\/\/www.europesays.com\/se\/wp-json\/wp\/v2\/posts\/110525","targetHints":{"allow":["GET"]}}],"collection":[{"href":"https:\/\/www.europesays.com\/se\/wp-json\/wp\/v2\/posts"}],"about":[{"href":"https:\/\/www.europesays.com\/se\/wp-json\/wp\/v2\/types\/post"}],"author":[{"embeddable":true,"href":"https:\/\/www.europesays.com\/se\/wp-json\/wp\/v2\/users\/2"}],"replies":[{"embeddable":true,"href":"https:\/\/www.europesays.com\/se\/wp-json\/wp\/v2\/comments?post=110525"}],"version-history":[{"count":0,"href":"https:\/\/www.europesays.com\/se\/wp-json\/wp\/v2\/posts\/110525\/revisions"}],"wp:featuredmedia":[{"embeddable":true,"href":"https:\/\/www.europesays.com\/se\/wp-json\/wp\/v2\/media\/110526"}],"wp:attachment":[{"href":"https:\/\/www.europesays.com\/se\/wp-json\/wp\/v2\/media?parent=110525"}],"wp:term":[{"taxonomy":"category","embeddable":true,"href":"https:\/\/www.europesays.com\/se\/wp-json\/wp\/v2\/categories?post=110525"},{"taxonomy":"post_tag","embeddable":true,"href":"https:\/\/www.europesays.com\/se\/wp-json\/wp\/v2\/tags?post=110525"}],"curies":[{"name":"wp","href":"https:\/\/api.w.org\/{rel}","templated":true}]}}