{"id":110542,"date":"2025-12-18T21:42:08","date_gmt":"2025-12-18T21:42:08","guid":{"rendered":"https:\/\/www.europesays.com\/se\/110542\/"},"modified":"2025-12-18T21:42:08","modified_gmt":"2025-12-18T21:42:08","slug":"medborgarskap-ska-dras-in-snabbt-tidopartiernas-krav","status":"publish","type":"post","link":"https:\/\/www.europesays.com\/se\/110542\/","title":{"rendered":"Medborgarskap ska dras in snabbt \u2013 tid\u00f6partiernas krav"},"content":{"rendered":"<p>Publicerad 18 dec 2025 kl 19.31Uppdaterad kl 21.33<\/p>\n<p>Polisen och Migrationsverket ska b\u00f6rja f\u00f6rbereda f\u00f6r att dra in medborgarskap och uppeh\u00e5llstillst\u00e5nd f\u00f6r g\u00e4ngkriminella.<\/p>\n<p>Uppdraget skrivs in i regleringsbrevet f\u00f6r myndigheterna.<\/p>\n<p>\u2013\u00a0Det \u00e4r slutdaltat med de som kommer till Sverige och beg\u00e5r brott eller annan missk\u00f6tsel, s\u00e4ger migrationsminister Johan Forssell (M).<\/p>\n<p><img   alt=\"\"\/><\/p>\n<p>Henrik Vinge (SD) och Gunnar Str\u00f6mmer (M).<\/p>\n<p>Foto: Christine Olsson\/TT NYHETSBYR\u00c5N<\/p>\n<p>\u00d6ppna bild i helsk\u00e4rm<\/p>\n<p>Den <a href=\"https:\/\/www.expressen.se\/nyheter\/politik\/sd-alla-gangkriminella-ska-utvisas-eller-fangslas\/\" rel=\"nofollow noopener\" target=\"_blank\">nya lagstiftningen som myndigheterna ska f\u00f6rbereda sig f\u00f6r<\/a> r\u00f6r tv\u00e5 omdiskuterade f\u00f6rslag. Att \u00e5terkalla medborgarskap i vissa fall och uppeh\u00e5llstillst\u00e5nd f\u00f6r bristande levnadss\u00e4tt (\u201dvandel\u201d).\u00a0<\/p>\n<p>Enligt Ludvig Aspling, migrationspolitisk talesperson f\u00f6r SD, \u00e4r det ovanligt att myndigheter f\u00e5r ett uppdrag som detta.\u00a0<\/p>\n<p>\u2013\u00a0Normalt sett arbetar inte myndigheter med att f\u00f6rbereda implementering eller till\u00e4mpning av lagstiftning som \u00e4nnu inte finns, s\u00e4ger han.<\/p>\n<p><img loading=\"lazy\"   alt=\"\"\/><\/p>\n<p>Ludvig Aspling (SD).<\/p>\n<p>Foto: PELLE T NILSSON \/SPA | SWEDISH PRESS AGENCY<\/p>\n<p>\u00d6ppna bild i helsk\u00e4rm<\/p>\n<p>B\u00e5de Aspling och Henrik Vinge (SD), justitieutskottets ordf\u00f6rande, menar att tilltaget handlar om att M, KD, L och SD vill att polisen och <a href=\"https:\/\/www.expressen.se\/tagg\/organization\/migrationsverket\/\" class=\"\" rel=\"nofollow noopener\" target=\"_blank\">Migrationsverket<\/a> ska vara startklara direkt.<\/p>\n<p>\u2013 Vi vill s\u00e4kerst\u00e4lla att effekten av de nya lagarna kommer snabbt, s\u00e4ger Vinge, och till\u00e4gger:<\/p>\n<p>\u2013\u00a0Genom att s\u00e4tta i g\u00e5ng f\u00f6rberedelserna nu kommer myndigheterna kunna verkst\u00e4lla snabbt n\u00e4r lagarna tr\u00e4der ikraft den 1 juli 2026 f\u00f6r uppeh\u00e5llstillst\u00e5nd och den 1 januari 2027 f\u00f6r medborgarskap, s\u00e4ger Vinge.<\/p>\n<p>\u00c4ven Johan Forssell p\u00e5pekar att agerandet, att ge myndigheter ett uppdrag l\u00e5ngt i f\u00f6rv\u00e4g, \u00e4r ovanligt.<\/p>\n<p>\u2013\u00a0Men vi har ingen tid att f\u00f6rlora. Vi har redan tappat flera \u00e5r p\u00e5 grund av Socialdemokraternas passivitet. Det m\u00e5ste vi ta igen genom att jobba dubbelt s\u00e5 intensivt, s\u00e4ger han.<\/p>\n<p>Ska s\u00e4tta i g\u00e5ng direkt<\/p>\n<p>Enligt formuleringen i regleringsbrevet, som klubbades vid regeringssammantr\u00e4det p\u00e5 torsdagen och Expressen tagit del av, ska myndigheterna f\u00f6lja det p\u00e5g\u00e5ende lagstiftningsarbetet och gemensamt f\u00f6rbereda processer och arbetsmetoder.\u00a0<\/p>\n<p>Det betonas s\u00e4rskilt att insatsen som kallas Saks, Samarbete mot kriminella sammanslutningar, ska till\u00e4mpas p\u00e5 personer \u201dmed samr\u00f6re med kriminella sammanslutningar och g\u00e4ngmilj\u00f6\u201d.<\/p>\n<p>Henrik Vinge sl\u00e5r fast att myndigheterna ska s\u00e4tta i g\u00e5ng med arbetet omg\u00e5ende.<\/p>\n<p>\u2013\u00a0Polisen och Migrationsverket ska direkt efter julledigheten g\u00f6ra sig redo f\u00f6r att b\u00f6rja gripa g\u00e4ngkriminella och \u00e5terkalla deras uppeh\u00e5llstillst\u00e5nd och medborgarskap, s\u00e4ger han.<\/p>\n<p>Expressen s\u00f6ker justitieminister Gunnar Str\u00f6mmer (M).<\/p>\n<p><strong>L\u00c4S MER: <\/strong><a href=\"https:\/\/www.expressen.se\/nyheter\/politik\/sd-alla-gangkriminella-ska-utvisas-eller-fangslas\/\" class=\"\" rel=\"nofollow noopener\" target=\"_blank\">SD: Alla g\u00e4ngkriminella ska utvisas eller f\u00e4ngslas<\/a><\/p>\n","protected":false},"excerpt":{"rendered":"Publicerad 18 dec 2025 kl 19.31Uppdaterad kl 21.33 Polisen och Migrationsverket ska b\u00f6rja f\u00f6rbereda f\u00f6r att dra in&hellip;\n","protected":false},"author":2,"featured_media":110543,"comment_status":"","ping_status":"","sticky":false,"template":"","format":"standard","meta":{"footnotes":""},"categories":[5],"tags":[22,23,26,27,17,21,24,25,28,29,15,16,47,1031,38,18,34,583,31,33,32,30,19,152,20],"class_list":{"0":"post-110542","1":"post","2":"type-post","3":"status-publish","4":"format-standard","5":"has-post-thumbnail","7":"category-rubriker","8":"tag-breaking-news","9":"tag-breakingnews","10":"tag-featured-news","11":"tag-featurednews","12":"tag-headlines","13":"tag-huvudnyheter","14":"tag-latest-news","15":"tag-latestnews","16":"tag-main-news","17":"tag-mainnews","18":"tag-news","19":"tag-nyheter","20":"tag-organization-migrationsverket","21":"tag-organization-polismyndigheten","22":"tag-organization-sverigedemokraterna","23":"tag-rubriker","24":"tag-se","25":"tag-sections-politik","26":"tag-svenska","27":"tag-sverige","28":"tag-sweden","29":"tag-swedish","30":"tag-top-stories","31":"tag-topic-inrikespolitik","32":"tag-topstories"},"share_on_mastodon":{"url":"https:\/\/pubeurope.com\/@se\/115742752306704198","error":""},"_links":{"self":[{"href":"https:\/\/www.europesays.com\/se\/wp-json\/wp\/v2\/posts\/110542","targetHints":{"allow":["GET"]}}],"collection":[{"href":"https:\/\/www.europesays.com\/se\/wp-json\/wp\/v2\/posts"}],"about":[{"href":"https:\/\/www.europesays.com\/se\/wp-json\/wp\/v2\/types\/post"}],"author":[{"embeddable":true,"href":"https:\/\/www.europesays.com\/se\/wp-json\/wp\/v2\/users\/2"}],"replies":[{"embeddable":true,"href":"https:\/\/www.europesays.com\/se\/wp-json\/wp\/v2\/comments?post=110542"}],"version-history":[{"count":0,"href":"https:\/\/www.europesays.com\/se\/wp-json\/wp\/v2\/posts\/110542\/revisions"}],"wp:featuredmedia":[{"embeddable":true,"href":"https:\/\/www.europesays.com\/se\/wp-json\/wp\/v2\/media\/110543"}],"wp:attachment":[{"href":"https:\/\/www.europesays.com\/se\/wp-json\/wp\/v2\/media?parent=110542"}],"wp:term":[{"taxonomy":"category","embeddable":true,"href":"https:\/\/www.europesays.com\/se\/wp-json\/wp\/v2\/categories?post=110542"},{"taxonomy":"post_tag","embeddable":true,"href":"https:\/\/www.europesays.com\/se\/wp-json\/wp\/v2\/tags?post=110542"}],"curies":[{"name":"wp","href":"https:\/\/api.w.org\/{rel}","templated":true}]}}