{"id":110589,"date":"2025-12-18T22:33:06","date_gmt":"2025-12-18T22:33:06","guid":{"rendered":"https:\/\/www.europesays.com\/se\/110589\/"},"modified":"2025-12-18T22:33:06","modified_gmt":"2025-12-18T22:33:06","slug":"megarik-anhangare-vill-att-trump-sitter-kvar-2028","status":"publish","type":"post","link":"https:\/\/www.europesays.com\/se\/110589\/","title":{"rendered":"Megarik anh\u00e4ngare vill att Trump sitter kvar 2028"},"content":{"rendered":"<p>Donald Trump borde sitta en tredje mandatperiod. Det tycker en av hans st\u00f6rsta bidragsgivare, Miriam Adelson, rapporterar Forbes.<\/p>\n<p>Adelson deltog p\u00e5 ett chanukkafirande i Vita huset p\u00e5 tisdagen, och n\u00e4mnde d\u00e5 att hon diskuterat fr\u00e5gan med den profilerade advokaten Alan Dershowitz.<\/p>\n<p>\u2013 Jag tror vi kan lyckas. T\u00e4nk p\u00e5 saken, sa hon till Trump och viskade n\u00e5got i hans \u00f6ra.<\/p>\n<p>\u2013 Hon sa \u2019t\u00e4nk p\u00e5 saken, jag ger dig 250 miljoner dollar till\u2019, sa Trump sedan till publikens skrattsalvor.<\/p>\n<p>Trump har vid flera tillf\u00e4llen b\u00e5de avf\u00e4rdat och lekt med tanken p\u00e5 en tredje mandatperiod. Hans stabschef Susie Wiles s\u00e4ger i den uppm\u00e4rksammade intervjun med Vanity Fair att Trump inte menar allvar.<\/p>\n<p>\u2013 Han skojar om det, f\u00f6r han vet att folk blir galna.<\/p>\n<p>Omni \u00e4r politiskt obundna och oberoende. Vi str\u00e4var efter att ge fler perspektiv p\u00e5 nyheterna. Har du fr\u00e5gor eller synpunkter kring v\u00e5r rapportering? <a href=\"https:\/\/omni.se\/megarik-anhangare-vill-att-trump-sitter-kvar-2028\/a\/mailto:redaktion@omni.se\" class=\"ArticleActions_contactLink__W2F1M\" rel=\"nofollow noopener\" target=\"_blank\">Kontakta redaktionen<\/a><\/p>\n","protected":false},"excerpt":{"rendered":"Donald Trump borde sitta en tredje mandatperiod. Det tycker en av hans st\u00f6rsta bidragsgivare, Miriam Adelson, rapporterar Forbes.&hellip;\n","protected":false},"author":2,"featured_media":110590,"comment_status":"","ping_status":"","sticky":false,"template":"","format":"standard","meta":{"footnotes":""},"categories":[14],"tags":[387,22,23,385,26,27,17,21,24,25,28,29,15,268,16,18,34,12045,31,33,32,30,19,20,386,74,51,52,53,54],"class_list":{"0":"post-110589","1":"post","2":"type-post","3":"status-publish","4":"format-standard","5":"has-post-thumbnail","7":"category-varlden","8":"tag-amerikansk-politik","9":"tag-breaking-news","10":"tag-breakingnews","11":"tag-donald-trump","12":"tag-featured-news","13":"tag-featurednews","14":"tag-headlines","15":"tag-huvudnyheter","16":"tag-latest-news","17":"tag-latestnews","18":"tag-main-news","19":"tag-mainnews","20":"tag-news","21":"tag-nordamerika","22":"tag-nyheter","23":"tag-rubriker","24":"tag-se","25":"tag-susie-wiles","26":"tag-svenska","27":"tag-sverige","28":"tag-sweden","29":"tag-swedish","30":"tag-top-stories","31":"tag-topstories","32":"tag-trumps-usa","33":"tag-usa","34":"tag-varlden","35":"tag-world","36":"tag-world-news","37":"tag-worldnews"},"share_on_mastodon":{"url":"https:\/\/pubeurope.com\/@se\/115742952832832974","error":""},"_links":{"self":[{"href":"https:\/\/www.europesays.com\/se\/wp-json\/wp\/v2\/posts\/110589","targetHints":{"allow":["GET"]}}],"collection":[{"href":"https:\/\/www.europesays.com\/se\/wp-json\/wp\/v2\/posts"}],"about":[{"href":"https:\/\/www.europesays.com\/se\/wp-json\/wp\/v2\/types\/post"}],"author":[{"embeddable":true,"href":"https:\/\/www.europesays.com\/se\/wp-json\/wp\/v2\/users\/2"}],"replies":[{"embeddable":true,"href":"https:\/\/www.europesays.com\/se\/wp-json\/wp\/v2\/comments?post=110589"}],"version-history":[{"count":0,"href":"https:\/\/www.europesays.com\/se\/wp-json\/wp\/v2\/posts\/110589\/revisions"}],"wp:featuredmedia":[{"embeddable":true,"href":"https:\/\/www.europesays.com\/se\/wp-json\/wp\/v2\/media\/110590"}],"wp:attachment":[{"href":"https:\/\/www.europesays.com\/se\/wp-json\/wp\/v2\/media?parent=110589"}],"wp:term":[{"taxonomy":"category","embeddable":true,"href":"https:\/\/www.europesays.com\/se\/wp-json\/wp\/v2\/categories?post=110589"},{"taxonomy":"post_tag","embeddable":true,"href":"https:\/\/www.europesays.com\/se\/wp-json\/wp\/v2\/tags?post=110589"}],"curies":[{"name":"wp","href":"https:\/\/api.w.org\/{rel}","templated":true}]}}