{"id":110617,"date":"2025-12-18T23:34:14","date_gmt":"2025-12-18T23:34:14","guid":{"rendered":"https:\/\/www.europesays.com\/se\/110617\/"},"modified":"2025-12-18T23:34:14","modified_gmt":"2025-12-18T23:34:14","slug":"kennedy-center-dops-om-efter-donald-trump","status":"publish","type":"post","link":"https:\/\/www.europesays.com\/se\/110617\/","title":{"rendered":"Kennedy Center d\u00f6ps om \u2013 efter Donald Trump"},"content":{"rendered":"<p>Styrelsen f\u00f6r det nationella kulturcentret Kennedy Center i Washington DC har r\u00f6stat ja till ett namnbyte, rapporterar CNN.<\/p>\n<p>Det nya fullst\u00e4ndiga namnet blir The Donald J Trump and The John F Kennedy Memorial Center for the Performing Arts \u2013 eller Trump Kennedy Center i korthet.<\/p>\n<p>\u201dDet enh\u00e4lliga beslutet reflekterar att den nye ordf\u00f6randen (Trump, reds anm) r\u00e4ddade institutionen fr\u00e5n ekonomisk och fysisk ruin\u201d, skriver presidentens handplockade styrelse i ett uttalande.<\/p>\n<p>Kort efter att han inledde sin andra mandatperiod sparkade Trump hela styrelsen och uts\u00e5g sin egen f\u00f6r att forma kulturutbudet efter egen smak.<\/p>\n<p>Kennedy Center invigdes 1971 till minne av den m\u00f6rdade presidenten. D\u00e4r framf\u00f6rs ett brett utbud av musik, teater och annan scenkonst. Bland annat huserar National Symphony Orchestra och Washington National Opera p\u00e5 centret.<\/p>\n<p>Omni \u00e4r politiskt obundna och oberoende. Vi str\u00e4var efter att ge fler perspektiv p\u00e5 nyheterna. Har du fr\u00e5gor eller synpunkter kring v\u00e5r rapportering? <a href=\"https:\/\/omni.se\/kennedy-center-dops-om-efter-donald-trump\/a\/mailto:redaktion@omni.se\" class=\"ArticleActions_contactLink__W2F1M\" rel=\"nofollow noopener\" target=\"_blank\">Kontakta redaktionen<\/a><\/p>\n","protected":false},"excerpt":{"rendered":"Styrelsen f\u00f6r det nationella kulturcentret Kennedy Center i Washington DC har r\u00f6stat ja till ett namnbyte, rapporterar CNN.&hellip;\n","protected":false},"author":2,"featured_media":110618,"comment_status":"","ping_status":"","sticky":false,"template":"","format":"standard","meta":{"footnotes":""},"categories":[67],"tags":[385,104,12228,12227,172,1593,34,31,33,32,30,105],"class_list":{"0":"post-110617","1":"post","2":"type-post","3":"status-publish","4":"format-standard","5":"has-post-thumbnail","7":"category-underhallning","8":"tag-donald-trump","9":"tag-entertainment","10":"tag-john-f-kennedy","11":"tag-kennedy-center","12":"tag-musik","13":"tag-scen","14":"tag-se","15":"tag-svenska","16":"tag-sverige","17":"tag-sweden","18":"tag-swedish","19":"tag-underhallning"},"share_on_mastodon":{"url":"https:\/\/pubeurope.com\/@se\/115743192759055905","error":""},"_links":{"self":[{"href":"https:\/\/www.europesays.com\/se\/wp-json\/wp\/v2\/posts\/110617","targetHints":{"allow":["GET"]}}],"collection":[{"href":"https:\/\/www.europesays.com\/se\/wp-json\/wp\/v2\/posts"}],"about":[{"href":"https:\/\/www.europesays.com\/se\/wp-json\/wp\/v2\/types\/post"}],"author":[{"embeddable":true,"href":"https:\/\/www.europesays.com\/se\/wp-json\/wp\/v2\/users\/2"}],"replies":[{"embeddable":true,"href":"https:\/\/www.europesays.com\/se\/wp-json\/wp\/v2\/comments?post=110617"}],"version-history":[{"count":0,"href":"https:\/\/www.europesays.com\/se\/wp-json\/wp\/v2\/posts\/110617\/revisions"}],"wp:featuredmedia":[{"embeddable":true,"href":"https:\/\/www.europesays.com\/se\/wp-json\/wp\/v2\/media\/110618"}],"wp:attachment":[{"href":"https:\/\/www.europesays.com\/se\/wp-json\/wp\/v2\/media?parent=110617"}],"wp:term":[{"taxonomy":"category","embeddable":true,"href":"https:\/\/www.europesays.com\/se\/wp-json\/wp\/v2\/categories?post=110617"},{"taxonomy":"post_tag","embeddable":true,"href":"https:\/\/www.europesays.com\/se\/wp-json\/wp\/v2\/tags?post=110617"}],"curies":[{"name":"wp","href":"https:\/\/api.w.org\/{rel}","templated":true}]}}