{"id":110621,"date":"2025-12-18T23:39:35","date_gmt":"2025-12-18T23:39:35","guid":{"rendered":"https:\/\/www.europesays.com\/se\/110621\/"},"modified":"2025-12-18T23:39:35","modified_gmt":"2025-12-18T23:39:35","slug":"rob-reiners-officiella-dodsorsak-ar-faststalld","status":"publish","type":"post","link":"https:\/\/www.europesays.com\/se\/110621\/","title":{"rendered":"Rob Reiners officiella d\u00f6dsorsak \u00e4r fastst\u00e4lld"},"content":{"rendered":"<p><strong>Rob Reiner<\/strong> och hans hustru <strong>Michele Reiner <\/strong>avled den 14 december av \u201dflera skador orsakade av vassa f\u00f6rem\u00e5l\u201d. Detta har nu fastst\u00e4llts av r\u00e4ttsl\u00e4karen i Los Angeles County, skriver <a href=\"https:\/\/deadline.com\/2025\/12\/rob-reiner-cause-of-death-1236651897\" target=\"_blank\" rel=\"noreferrer noopener nofollow\">Deadline<\/a>. Det st\u00e4mmer \u00f6verens med de f\u00f6rsta rapporterna i media som h\u00e4vdade <a href=\"https:\/\/www.moviezine.se\/nyheter\/hollywood-regissoren-rob-reiner-dod\" rel=\"nofollow noopener\" target=\"_blank\">mord<\/a>.<\/p>\n<p>Hollywood-regiss\u00f6ren var 78 \u00e5r gammal n\u00e4r han dog. Parets son Nick Reiner, 32, \u00e4r gripen och har \u00e5talas f\u00f6r dubbelmordet. Han st\u00e5r inf\u00f6r livstids f\u00e4ngelsestraff om han anses skyldig, eller till och med d\u00f6dsstraff. Polisutredningen p\u00e5g\u00e5r fortfarande.<\/p>\n<p>Det var Reiners dotter Romy som hittade b\u00e5da sina f\u00f6r\u00e4ldrar d\u00f6da i deras i Brentwood, LA.<\/p>\n<p>Tidningen <a href=\"https:\/\/people.com\/rob-reiner-wife-michele-cause-of-death-11868872\" target=\"_blank\" rel=\"noreferrer noopener nofollow\">People<\/a> har skrivit om att far och son Reiner s\u00e5gs br\u00e5ka \u00f6ppet p\u00e5 en fest hemma hos Conan O\u2019Brien tidigare samma kv\u00e4ll, bara timmar innan mordet.<\/p>\n<p><img loading=\"lazy\" height=\"365\" width=\"648\" class=\"wp-image-708880 sp-no-webp perfmatters-lazy\" alt=\"\" decoding=\"async\" src=\"https:\/\/www.europesays.com\/se\/wp-content\/uploads\/2025\/12\/reiner-walk-of-fame-648x365.jpg\"  data-\/> Fans l\u00e4mnar blommor p\u00e5 Rob Reiners stj\u00e4rna p\u00e5 Walk of Fame i Hollywood.<\/p>\n<p>Rob Reiner st\u00e5r bakom n\u00e5gra av 1980-talets mest \u00e4lskade filmer som \u201dSpinal Tap\u201d, \u201dStand By Me\u201d och \u201dN\u00e4r Harry m\u00f6tte Sally\u201d. Han har ocks\u00e5 filmer som \u201dLida\u201d och \u201dPresidenten och Miss Wade\u201d bakom sig.<\/p>\n<p>M\u00e5nga i Hollywood och filmbranschen \u00e4r chockade och har uttryckt sin sorg i sociala medier, bland annat <a href=\"https:\/\/www.moviezine.se\/nyheter\/pa-heder-och-samvete-skadisarna-hyllar-rob-reiner-kommer-alltid-att-minnas-honom\" rel=\"nofollow noopener\" target=\"_blank\">Kevin Bacon som sl\u00e4ppte en t\u00e5rfylld video<\/a> h\u00e4romdagen f\u00f6r att hylla regiss\u00f6ren som gav honom en roll i \u201dP\u00e5 heder och samvete\u201d:<\/p>\n<p>L\u00e4s ocks\u00e5: <a href=\"https:\/\/www.moviezine.se\/nyheter\/rob-reiners-son-har-gripits-misstanks-for-mordet-pa-sina-foraldrar\" title=\"Rob Reiners son har gripits \u2013 misst\u00e4nks f\u00f6r mordet p\u00e5 sina f\u00f6r\u00e4ldrar\" class=\"underline-custom !font-montserrat !font-bold !underline-offset-4 !decoration-4 !decoration-moviezine-green !text-md\" rel=\"nofollow noopener\" target=\"_blank\">Rob Reiners son har gripits \u2013 misst\u00e4nks f\u00f6r mordet p\u00e5 sina f\u00f6r\u00e4ldrar<\/a><\/p>\n<p>L\u00e4s ocks\u00e5: <a href=\"https:\/\/www.moviezine.se\/nyheter\/hollywood-ar-i-chock-rob-reiner\" title=\"Hollywood \u00e4r i chock: \u201dHan var en av filmv\u00e4rldens st\u00f6rsta\u201d\" class=\"underline-custom !font-montserrat !font-bold !underline-offset-4 !decoration-4 !decoration-moviezine-green !text-md\" rel=\"nofollow noopener\" target=\"_blank\">Hollywood \u00e4r i chock: \u201dHan var en av filmv\u00e4rldens st\u00f6rsta\u201d<\/a><\/p>\n","protected":false},"excerpt":{"rendered":"Rob Reiner och hans hustru Michele Reiner avled den 14 december av \u201dflera skador orsakade av vassa f\u00f6rem\u00e5l\u201d.&hellip;\n","protected":false},"author":2,"featured_media":110622,"comment_status":"","ping_status":"","sticky":false,"template":"","format":"standard","meta":{"footnotes":""},"categories":[5],"tags":[22,23,26,27,17,2573,21,24,25,28,29,15,16,18,34,31,33,32,30,19,20],"class_list":{"0":"post-110621","1":"post","2":"type-post","3":"status-publish","4":"format-standard","5":"has-post-thumbnail","7":"category-rubriker","8":"tag-breaking-news","9":"tag-breakingnews","10":"tag-featured-news","11":"tag-featurednews","12":"tag-headlines","13":"tag-hollywood","14":"tag-huvudnyheter","15":"tag-latest-news","16":"tag-latestnews","17":"tag-main-news","18":"tag-mainnews","19":"tag-news","20":"tag-nyheter","21":"tag-rubriker","22":"tag-se","23":"tag-svenska","24":"tag-sverige","25":"tag-sweden","26":"tag-swedish","27":"tag-top-stories","28":"tag-topstories"},"share_on_mastodon":{"url":"https:\/\/pubeurope.com\/@se\/115743212434164862","error":""},"_links":{"self":[{"href":"https:\/\/www.europesays.com\/se\/wp-json\/wp\/v2\/posts\/110621","targetHints":{"allow":["GET"]}}],"collection":[{"href":"https:\/\/www.europesays.com\/se\/wp-json\/wp\/v2\/posts"}],"about":[{"href":"https:\/\/www.europesays.com\/se\/wp-json\/wp\/v2\/types\/post"}],"author":[{"embeddable":true,"href":"https:\/\/www.europesays.com\/se\/wp-json\/wp\/v2\/users\/2"}],"replies":[{"embeddable":true,"href":"https:\/\/www.europesays.com\/se\/wp-json\/wp\/v2\/comments?post=110621"}],"version-history":[{"count":0,"href":"https:\/\/www.europesays.com\/se\/wp-json\/wp\/v2\/posts\/110621\/revisions"}],"wp:featuredmedia":[{"embeddable":true,"href":"https:\/\/www.europesays.com\/se\/wp-json\/wp\/v2\/media\/110622"}],"wp:attachment":[{"href":"https:\/\/www.europesays.com\/se\/wp-json\/wp\/v2\/media?parent=110621"}],"wp:term":[{"taxonomy":"category","embeddable":true,"href":"https:\/\/www.europesays.com\/se\/wp-json\/wp\/v2\/categories?post=110621"},{"taxonomy":"post_tag","embeddable":true,"href":"https:\/\/www.europesays.com\/se\/wp-json\/wp\/v2\/tags?post=110621"}],"curies":[{"name":"wp","href":"https:\/\/api.w.org\/{rel}","templated":true}]}}