{"id":110631,"date":"2025-12-18T23:47:33","date_gmt":"2025-12-18T23:47:33","guid":{"rendered":"https:\/\/www.europesays.com\/se\/110631\/"},"modified":"2025-12-18T23:47:33","modified_gmt":"2025-12-18T23:47:33","slug":"nybildat-parti-stravar-efter-norrlandskt-sjalvstyre","status":"publish","type":"post","link":"https:\/\/www.europesays.com\/se\/110631\/","title":{"rendered":"Nybildat parti str\u00e4var efter norrl\u00e4ndskt sj\u00e4lvstyre"},"content":{"rendered":"<p>Ett nytt parti som str\u00e4var efter ett norrl\u00e4ndskt sj\u00e4lvstyre har under onsdagen presenterat sig i Sundsvall, rapporterar lokala medier. <\/p>\n<p>Norrlandspartiet, som de kallar sig, siktar p\u00e5 att ta sig in i V\u00e4sternorrlands regionfullm\u00e4ktige och Sundsvalls kommunfullm\u00e4ktige i n\u00e4sta \u00e5rs val och vill \u00f6ppna minst ett nytt sjukhus i regionen. D\u00e4refter hoppas man v\u00e4xa till andra norrl\u00e4ndska regioner och slutligen ta sig in i riksdagen 2034 och verka f\u00f6r norrl\u00e4ndskt sj\u00e4lvstyre, d\u00e4r systemen i Skottland och p\u00e5 \u00c5land n\u00e4mns som goda f\u00f6rebilder.<\/p>\n<p>\u2013 Det \u00e4r alltid jobbigt att vara f\u00f6rst, men alternativet \u00e4r att forts\u00e4tta som nu \u2013 och d\u00e5 blir f\u00f6ruts\u00e4ttningarna f\u00f6r att bo i Norrland bara s\u00e4mre, s\u00e4ger partirepresentanten Elina Arab till Sundsvalls Tidning.<\/p>\n<p>Bakom partiet st\u00e5r flera rutinerade lokalpolitiker. Bland annat just Elina Arab och hennes sambo Robert Thunfors, som f\u00f6rra \u00e5ret blev omskrivna f\u00f6r sin \u201df\u00f6rbjudna\u201d romans. <\/p>\n<p>Omni \u00e4r politiskt obundna och oberoende. Vi str\u00e4var efter att ge fler perspektiv p\u00e5 nyheterna. Har du fr\u00e5gor eller synpunkter kring v\u00e5r rapportering? <a href=\"https:\/\/omni.se\/nybildat-parti-stravar-efter-norrlandskt-sjalvstyre\/a\/mailto:redaktion@omni.se\" class=\"ArticleActions_contactLink__W2F1M\" rel=\"nofollow noopener\" target=\"_blank\">Kontakta redaktionen<\/a><\/p>\n","protected":false},"excerpt":{"rendered":"Ett nytt parti som str\u00e4var efter ett norrl\u00e4ndskt sj\u00e4lvstyre har under onsdagen presenterat sig i Sundsvall, rapporterar lokala&hellip;\n","protected":false},"author":2,"featured_media":110632,"comment_status":"","ping_status":"","sticky":false,"template":"","format":"standard","meta":{"footnotes":""},"categories":[5],"tags":[22,23,26,27,17,21,24,25,28,29,15,16,369,18,34,12229,31,33,32,30,19,20,3416,2883],"class_list":{"0":"post-110631","1":"post","2":"type-post","3":"status-publish","4":"format-standard","5":"has-post-thumbnail","7":"category-rubriker","8":"tag-breaking-news","9":"tag-breakingnews","10":"tag-featured-news","11":"tag-featurednews","12":"tag-headlines","13":"tag-huvudnyheter","14":"tag-latest-news","15":"tag-latestnews","16":"tag-main-news","17":"tag-mainnews","18":"tag-news","19":"tag-nyheter","20":"tag-politik","21":"tag-rubriker","22":"tag-se","23":"tag-sundsvall","24":"tag-svenska","25":"tag-sverige","26":"tag-sweden","27":"tag-swedish","28":"tag-top-stories","29":"tag-topstories","30":"tag-valet-2026","31":"tag-vasternorrlands-lan"},"share_on_mastodon":{"url":"https:\/\/pubeurope.com\/@se\/115743243815207508","error":""},"_links":{"self":[{"href":"https:\/\/www.europesays.com\/se\/wp-json\/wp\/v2\/posts\/110631","targetHints":{"allow":["GET"]}}],"collection":[{"href":"https:\/\/www.europesays.com\/se\/wp-json\/wp\/v2\/posts"}],"about":[{"href":"https:\/\/www.europesays.com\/se\/wp-json\/wp\/v2\/types\/post"}],"author":[{"embeddable":true,"href":"https:\/\/www.europesays.com\/se\/wp-json\/wp\/v2\/users\/2"}],"replies":[{"embeddable":true,"href":"https:\/\/www.europesays.com\/se\/wp-json\/wp\/v2\/comments?post=110631"}],"version-history":[{"count":0,"href":"https:\/\/www.europesays.com\/se\/wp-json\/wp\/v2\/posts\/110631\/revisions"}],"wp:featuredmedia":[{"embeddable":true,"href":"https:\/\/www.europesays.com\/se\/wp-json\/wp\/v2\/media\/110632"}],"wp:attachment":[{"href":"https:\/\/www.europesays.com\/se\/wp-json\/wp\/v2\/media?parent=110631"}],"wp:term":[{"taxonomy":"category","embeddable":true,"href":"https:\/\/www.europesays.com\/se\/wp-json\/wp\/v2\/categories?post=110631"},{"taxonomy":"post_tag","embeddable":true,"href":"https:\/\/www.europesays.com\/se\/wp-json\/wp\/v2\/tags?post=110631"}],"curies":[{"name":"wp","href":"https:\/\/api.w.org\/{rel}","templated":true}]}}