{"id":110662,"date":"2025-12-19T01:18:21","date_gmt":"2025-12-19T01:18:21","guid":{"rendered":"https:\/\/www.europesays.com\/se\/110662\/"},"modified":"2025-12-19T01:18:21","modified_gmt":"2025-12-19T01:18:21","slug":"marjorie-taylor-greene-till-angrepp-mot-donald-trumps-inlagg","status":"publish","type":"post","link":"https:\/\/www.europesays.com\/se\/110662\/","title":{"rendered":"Marjorie Taylor Greene till angrepp mot Donald Trumps inl\u00e4gg"},"content":{"rendered":"<p>Marjorie Taylor Greene g\u00e5r till h\u00e5rt angrepp mot Donald Trumps inl\u00e4gg efter mordet p\u00e5 regiss\u00f6ren Rob Reiner.<\/p>\n<p>Enligt USA-k\u00e4nnaren Dag Blanck vill den tidigare Trumpsupporten genom uttalandet \u00e4n en g\u00e5ng visa att hon st\u00e5r p\u00e5 vanliga amerikaners sida.<\/p>\n<p>\u2013 Hon f\u00f6rs\u00f6ker att framst\u00e4lla Trump som en del av eliten, vilket \u00e4r det v\u00e4rsta som kan h\u00e4nda inom Magar\u00f6relsen, s\u00e4ger han.<\/p>\n","protected":false},"excerpt":{"rendered":"Marjorie Taylor Greene g\u00e5r till h\u00e5rt angrepp mot Donald Trumps inl\u00e4gg efter mordet p\u00e5 regiss\u00f6ren Rob Reiner. Enligt&hellip;\n","protected":false},"author":2,"featured_media":110663,"comment_status":"","ping_status":"","sticky":false,"template":"","format":"standard","meta":{"footnotes":""},"categories":[67],"tags":[104,34,31,33,32,30,105],"class_list":{"0":"post-110662","1":"post","2":"type-post","3":"status-publish","4":"format-standard","5":"has-post-thumbnail","7":"category-underhallning","8":"tag-entertainment","9":"tag-se","10":"tag-svenska","11":"tag-sverige","12":"tag-sweden","13":"tag-swedish","14":"tag-underhallning"},"share_on_mastodon":{"url":"https:\/\/pubeurope.com\/@se\/115743601631466150","error":""},"_links":{"self":[{"href":"https:\/\/www.europesays.com\/se\/wp-json\/wp\/v2\/posts\/110662","targetHints":{"allow":["GET"]}}],"collection":[{"href":"https:\/\/www.europesays.com\/se\/wp-json\/wp\/v2\/posts"}],"about":[{"href":"https:\/\/www.europesays.com\/se\/wp-json\/wp\/v2\/types\/post"}],"author":[{"embeddable":true,"href":"https:\/\/www.europesays.com\/se\/wp-json\/wp\/v2\/users\/2"}],"replies":[{"embeddable":true,"href":"https:\/\/www.europesays.com\/se\/wp-json\/wp\/v2\/comments?post=110662"}],"version-history":[{"count":0,"href":"https:\/\/www.europesays.com\/se\/wp-json\/wp\/v2\/posts\/110662\/revisions"}],"wp:featuredmedia":[{"embeddable":true,"href":"https:\/\/www.europesays.com\/se\/wp-json\/wp\/v2\/media\/110663"}],"wp:attachment":[{"href":"https:\/\/www.europesays.com\/se\/wp-json\/wp\/v2\/media?parent=110662"}],"wp:term":[{"taxonomy":"category","embeddable":true,"href":"https:\/\/www.europesays.com\/se\/wp-json\/wp\/v2\/categories?post=110662"},{"taxonomy":"post_tag","embeddable":true,"href":"https:\/\/www.europesays.com\/se\/wp-json\/wp\/v2\/tags?post=110662"}],"curies":[{"name":"wp","href":"https:\/\/api.w.org\/{rel}","templated":true}]}}