{"id":110670,"date":"2025-12-19T02:21:08","date_gmt":"2025-12-19T02:21:08","guid":{"rendered":"https:\/\/www.europesays.com\/se\/110670\/"},"modified":"2025-12-19T02:21:08","modified_gmt":"2025-12-19T02:21:08","slug":"eu-overens-om-finansiering-90-miljarder-euro-till-ukraina","status":"publish","type":"post","link":"https:\/\/www.europesays.com\/se\/110670\/","title":{"rendered":"EU \u00f6verens om finansiering \u2013 90 miljarder euro till Ukraina"},"content":{"rendered":"<p>Strax innan klockan 03 natten till fredag kom beskedet. Efter m\u00e5nader av f\u00f6rhandlingar \u2013 och en l\u00e5ng natt av samtal i Bryssel, n\u00e5dde EU-ledarna en tillf\u00e4llig l\u00f6sning f\u00f6r finansieringen till Ukraina.<\/p>\n<p>Costa l\u00e4mnade inga detaljer om hur finansieringen kommer att se ut.<\/p>\n<p>Inf\u00f6r m\u00f6tet har dilemmat varit om l\u00e5net p\u00e5 980 miljarder kronor antingen ska finansieras via EU-budgeten, eller genom ryska frysta tillg\u00e5ngar som framf\u00f6r allt finns i Belgien.<\/p>\n<p>Texten uppdateras.<\/p>\n","protected":false},"excerpt":{"rendered":"Strax innan klockan 03 natten till fredag kom beskedet. Efter m\u00e5nader av f\u00f6rhandlingar \u2013 och en l\u00e5ng natt&hellip;\n","protected":false},"author":2,"featured_media":107331,"comment_status":"","ping_status":"","sticky":false,"template":"","format":"standard","meta":{"footnotes":""},"categories":[14],"tags":[22,23,26,27,17,21,24,25,28,29,15,16,18,34,31,33,32,30,19,20,51,52,53,54],"class_list":{"0":"post-110670","1":"post","2":"type-post","3":"status-publish","4":"format-standard","5":"has-post-thumbnail","7":"category-varlden","8":"tag-breaking-news","9":"tag-breakingnews","10":"tag-featured-news","11":"tag-featurednews","12":"tag-headlines","13":"tag-huvudnyheter","14":"tag-latest-news","15":"tag-latestnews","16":"tag-main-news","17":"tag-mainnews","18":"tag-news","19":"tag-nyheter","20":"tag-rubriker","21":"tag-se","22":"tag-svenska","23":"tag-sverige","24":"tag-sweden","25":"tag-swedish","26":"tag-top-stories","27":"tag-topstories","28":"tag-varlden","29":"tag-world","30":"tag-world-news","31":"tag-worldnews"},"share_on_mastodon":{"url":"https:\/\/pubeurope.com\/@se\/115743849343464661","error":""},"_links":{"self":[{"href":"https:\/\/www.europesays.com\/se\/wp-json\/wp\/v2\/posts\/110670","targetHints":{"allow":["GET"]}}],"collection":[{"href":"https:\/\/www.europesays.com\/se\/wp-json\/wp\/v2\/posts"}],"about":[{"href":"https:\/\/www.europesays.com\/se\/wp-json\/wp\/v2\/types\/post"}],"author":[{"embeddable":true,"href":"https:\/\/www.europesays.com\/se\/wp-json\/wp\/v2\/users\/2"}],"replies":[{"embeddable":true,"href":"https:\/\/www.europesays.com\/se\/wp-json\/wp\/v2\/comments?post=110670"}],"version-history":[{"count":0,"href":"https:\/\/www.europesays.com\/se\/wp-json\/wp\/v2\/posts\/110670\/revisions"}],"wp:featuredmedia":[{"embeddable":true,"href":"https:\/\/www.europesays.com\/se\/wp-json\/wp\/v2\/media\/107331"}],"wp:attachment":[{"href":"https:\/\/www.europesays.com\/se\/wp-json\/wp\/v2\/media?parent=110670"}],"wp:term":[{"taxonomy":"category","embeddable":true,"href":"https:\/\/www.europesays.com\/se\/wp-json\/wp\/v2\/categories?post=110670"},{"taxonomy":"post_tag","embeddable":true,"href":"https:\/\/www.europesays.com\/se\/wp-json\/wp\/v2\/tags?post=110670"}],"curies":[{"name":"wp","href":"https:\/\/api.w.org\/{rel}","templated":true}]}}