{"id":110675,"date":"2025-12-19T02:27:23","date_gmt":"2025-12-19T02:27:23","guid":{"rendered":"https:\/\/www.europesays.com\/se\/110675\/"},"modified":"2025-12-19T02:27:23","modified_gmt":"2025-12-19T02:27:23","slug":"3i-atlas-den-urgamla-besokaren-fran-yttre-rymden-17-december-2025-vetenskapsradion","status":"publish","type":"post","link":"https:\/\/www.europesays.com\/se\/110675\/","title":{"rendered":"3I ATLAS \u2013 den urgamla bes\u00f6karen fr\u00e5n yttre rymden 17 december 2025 &#8211; Vetenskapsradion"},"content":{"rendered":"<p>Kometen 3I ATLAS kommer att befinna sig som n\u00e4rmast jorden den 19 december 2025. Det \u00e4r bara den tredje g\u00e5ngen n\u00e5gonsin som vi uppt\u00e4cker en s\u00e5dan h\u00e4r interstell\u00e4r himlakropp i v\u00e5rt solsystem. Det \u00e4r ett unikt tillf\u00e4lle f\u00f6r m\u00e4nskligheten att l\u00e4ra sig mer om rymden.<\/p>\n<p>Anders Eriksson vid Institutet f\u00f6r rymdfysik i Uppsala konstaterar att rymden alltid kan bjuda p\u00e5 nya \u00f6verraskningar. Och astrofysikern Anders Johansen vid Lunds och K\u00f6penhamns universitet dr\u00f6mmer om att f\u00e5 se en glimt av vad som h\u00e4nde innan v\u00e5r sol f\u00f6ddes.<\/p>\n<p>Programledare: Sara S\u00e4llstr\u00f6m<br \/>sara.sallstrom@sr.se<\/p>\n<p>Producent: Lars Brostr\u00f6m<br \/>lars.brostrom@sr.se<\/p>\n","protected":false},"excerpt":{"rendered":"Kometen 3I ATLAS kommer att befinna sig som n\u00e4rmast jorden den 19 december 2025. Det \u00e4r bara den&hellip;\n","protected":false},"author":2,"featured_media":110676,"comment_status":"","ping_status":"","sticky":false,"template":"","format":"standard","meta":{"footnotes":""},"categories":[66],"tags":[80,78,79,34,31,33,32,30,81,84,83,12241,804,82],"class_list":{"0":"post-110675","1":"post","2":"type-post","3":"status-publish","4":"format-standard","5":"has-post-thumbnail","7":"category-vetenskap-och-teknik","8":"tag-science","9":"tag-science-and-technology","10":"tag-scienceandtechnology","11":"tag-se","12":"tag-svenska","13":"tag-sverige","14":"tag-sweden","15":"tag-swedish","16":"tag-technology","17":"tag-teknik","18":"tag-vetenskap","19":"tag-vetenskapsnyheter","20":"tag-vetenskapsradion","21":"tag-vetenskapteknik"},"share_on_mastodon":{"url":"https:\/\/pubeurope.com\/@se\/115743872962696785","error":""},"_links":{"self":[{"href":"https:\/\/www.europesays.com\/se\/wp-json\/wp\/v2\/posts\/110675","targetHints":{"allow":["GET"]}}],"collection":[{"href":"https:\/\/www.europesays.com\/se\/wp-json\/wp\/v2\/posts"}],"about":[{"href":"https:\/\/www.europesays.com\/se\/wp-json\/wp\/v2\/types\/post"}],"author":[{"embeddable":true,"href":"https:\/\/www.europesays.com\/se\/wp-json\/wp\/v2\/users\/2"}],"replies":[{"embeddable":true,"href":"https:\/\/www.europesays.com\/se\/wp-json\/wp\/v2\/comments?post=110675"}],"version-history":[{"count":0,"href":"https:\/\/www.europesays.com\/se\/wp-json\/wp\/v2\/posts\/110675\/revisions"}],"wp:featuredmedia":[{"embeddable":true,"href":"https:\/\/www.europesays.com\/se\/wp-json\/wp\/v2\/media\/110676"}],"wp:attachment":[{"href":"https:\/\/www.europesays.com\/se\/wp-json\/wp\/v2\/media?parent=110675"}],"wp:term":[{"taxonomy":"category","embeddable":true,"href":"https:\/\/www.europesays.com\/se\/wp-json\/wp\/v2\/categories?post=110675"},{"taxonomy":"post_tag","embeddable":true,"href":"https:\/\/www.europesays.com\/se\/wp-json\/wp\/v2\/tags?post=110675"}],"curies":[{"name":"wp","href":"https:\/\/api.w.org\/{rel}","templated":true}]}}