{"id":110710,"date":"2025-12-19T04:05:08","date_gmt":"2025-12-19T04:05:08","guid":{"rendered":"https:\/\/www.europesays.com\/se\/110710\/"},"modified":"2025-12-19T04:05:08","modified_gmt":"2025-12-19T04:05:08","slug":"bast-betalda-borstopparna-tjanar-70-miljoner-om-aret","status":"publish","type":"post","link":"https:\/\/www.europesays.com\/se\/110710\/","title":{"rendered":"B\u00e4st betalda b\u00f6rstopparna tj\u00e4nar 70 miljoner om \u00e5ret"},"content":{"rendered":"<p>Ericssons vd B\u00f6rje Ekholm och Volvos vd Martin Lundstedt var Stockholmsb\u00f6rsens b\u00e4st betalda toppchefer under fjol\u00e5ret. B\u00e5da fick omkring 70 miljoner i ers\u00e4ttning. Det skriver SvD N\u00e4ringsliv utifr\u00e5n en kartl\u00e4ggning av svenska b\u00f6rsbolag med mer \u00e4n 2\u202f000 anst\u00e4llda d\u00e4r vd suttit l\u00e4ngre \u00e4n sedan 2024. <\/p>\n<p>Tidningen har \u00e4ven tittat p\u00e5 i vilket av bolagen avst\u00e5ndet mellan ers\u00e4ttning till vd och anst\u00e4lld \u00e4r som st\u00f6rst, och svaret \u00e4r Saab. F\u00f6r att matcha Micael Johanssons ers\u00e4ttning kr\u00e4vs 73 genomsnittliga medarbetarl\u00f6ner.<\/p>\n<p>Omni \u00e4r politiskt obundna och oberoende. Vi str\u00e4var efter att ge fler perspektiv p\u00e5 nyheterna. Har du fr\u00e5gor eller synpunkter kring v\u00e5r rapportering? <a href=\"https:\/\/omni.se\/bast-betalda-borstopparna-tjanar-70-miljoner-om-aret\/a\/mailto:redaktion@omni.se\" class=\"ArticleActions_contactLink__W2F1M\" rel=\"nofollow noopener\" target=\"_blank\">Kontakta redaktionen<\/a><\/p>\n","protected":false},"excerpt":{"rendered":"Ericssons vd B\u00f6rje Ekholm och Volvos vd Martin Lundstedt var Stockholmsb\u00f6rsens b\u00e4st betalda toppchefer under fjol\u00e5ret. B\u00e5da fick&hellip;\n","protected":false},"author":2,"featured_media":110711,"comment_status":"","ping_status":"","sticky":false,"template":"","format":"standard","meta":{"footnotes":""},"categories":[65],"tags":[939,12246,72,70,71,3908,12247,2200,34,31,33,32,30],"class_list":{"0":"post-110710","1":"post","2":"type-post","3":"status-publish","4":"format-standard","5":"has-post-thumbnail","7":"category-ekonomi","8":"tag-ab-volvo","9":"tag-borje-ekholm","10":"tag-business","11":"tag-economy","12":"tag-ekonomi","13":"tag-ericsson","14":"tag-martin-lundstedt","15":"tag-saab","16":"tag-se","17":"tag-svenska","18":"tag-sverige","19":"tag-sweden","20":"tag-swedish"},"share_on_mastodon":{"url":"https:\/\/pubeurope.com\/@se\/115744258325864393","error":""},"_links":{"self":[{"href":"https:\/\/www.europesays.com\/se\/wp-json\/wp\/v2\/posts\/110710","targetHints":{"allow":["GET"]}}],"collection":[{"href":"https:\/\/www.europesays.com\/se\/wp-json\/wp\/v2\/posts"}],"about":[{"href":"https:\/\/www.europesays.com\/se\/wp-json\/wp\/v2\/types\/post"}],"author":[{"embeddable":true,"href":"https:\/\/www.europesays.com\/se\/wp-json\/wp\/v2\/users\/2"}],"replies":[{"embeddable":true,"href":"https:\/\/www.europesays.com\/se\/wp-json\/wp\/v2\/comments?post=110710"}],"version-history":[{"count":0,"href":"https:\/\/www.europesays.com\/se\/wp-json\/wp\/v2\/posts\/110710\/revisions"}],"wp:featuredmedia":[{"embeddable":true,"href":"https:\/\/www.europesays.com\/se\/wp-json\/wp\/v2\/media\/110711"}],"wp:attachment":[{"href":"https:\/\/www.europesays.com\/se\/wp-json\/wp\/v2\/media?parent=110710"}],"wp:term":[{"taxonomy":"category","embeddable":true,"href":"https:\/\/www.europesays.com\/se\/wp-json\/wp\/v2\/categories?post=110710"},{"taxonomy":"post_tag","embeddable":true,"href":"https:\/\/www.europesays.com\/se\/wp-json\/wp\/v2\/tags?post=110710"}],"curies":[{"name":"wp","href":"https:\/\/api.w.org\/{rel}","templated":true}]}}