{"id":110721,"date":"2025-12-19T04:51:20","date_gmt":"2025-12-19T04:51:20","guid":{"rendered":"https:\/\/www.europesays.com\/se\/110721\/"},"modified":"2025-12-19T04:51:20","modified_gmt":"2025-12-19T04:51:20","slug":"kat-trailerpremiar-uppfoljare-till-succekomedi-blir-2026-ars-svenska-julfilm","status":"publish","type":"post","link":"https:\/\/www.europesays.com\/se\/110721\/","title":{"rendered":"K\u00e5t trailerpremi\u00e4r: Uppf\u00f6ljare till succ\u00e9komedi blir 2026 \u00e5rs svenska julfilm"},"content":{"rendered":"<p>Den svenska romantiska komedin <strong>\u201dSommaren med G\u00f6ran\u201d<\/strong> blev en av 2009 \u00e5rs stora filmsucc\u00e9er och lockade n\u00e4stan 600 000 biobes\u00f6kare.<\/p>\n<p>Sedan tidigare \u00e4r det klart att den f\u00e5r en <a href=\"https:\/\/www.moviezine.se\/nyheter\/sommaren-med-goran-far-uppfoljare\" rel=\"nofollow noopener\" target=\"_blank\">uppf\u00f6ljare med titeln <\/a><strong><a href=\"https:\/\/www.moviezine.se\/nyheter\/sommaren-med-goran-far-uppfoljare\" rel=\"nofollow noopener\" target=\"_blank\">\u201dH\u00f6sten med G\u00f6ran\u201d<\/a> <\/strong>och nu f\u00e5r vi en smygtitt med huvudkarakt\u00e4rerna G\u00f6ran (<strong>Peter Magnusson<\/strong>) och Alex (<strong>David Hellenius<\/strong>).<\/p>\n<p>Handlingen f\u00f6ljer G\u00f6ran \u2013 naprapat och fr\u00e5nskild pappa \u2013 som f\u00f6rs\u00f6ker balansera livet mellan barnveckor, en dyr ADHD-utredning och jakt p\u00e5 k\u00e4rlek.<\/p>\n<p>Samtidigt k\u00e4mpar Alex med ett krisande \u00e4ktenskap. Tillsammans f\u00f6rs\u00f6ker de hitta tillbaka till livsgl\u00e4djen, hoppet och kanske \u00e4ven k\u00e4rleken.<\/p>\n<p>Liksom i originalfilmen regisserar <strong>Staffan Lindberg<\/strong> (\u201dMicke &amp; Veronica\u201d, \u201dLyckligare kan ingen vara\u201d) och Magnusson har skrivit manus. Inspelningarna startade i augusti.<\/p>\n<p>I f\u00f6rsta filmen medverkade \u00e4ven Mirja Turestedt, Alexandra Rapaport, Peter Dalle, Tanja Lorentzon, Dan Ekborg, Christine Meltzer och Moa Gammel. \u00c5terst\u00e5r att se om n\u00e5gon av dem \u00e5terv\u00e4nder.<\/p>\n<p>\u201dH\u00f6sten med G\u00f6ran\u201d f\u00e5r <strong>premi\u00e4r p\u00e5 juldagen 2026<\/strong>. Se teasern nedan:<\/p>\n<p><img loading=\"lazy\" decoding=\"async\" alt=\"YouTube video\" width=\"480\" height=\"360\" data-pin-nopin=\"true\" nopin=\"nopin\" class=\"perfmatters-lazy\" src=\"https:\/\/www.europesays.com\/se\/wp-content\/uploads\/2025\/12\/1766119880_448_hqdefault.jpg\"\/><\/p>\n","protected":false},"excerpt":{"rendered":"Den svenska romantiska komedin \u201dSommaren med G\u00f6ran\u201d blev en av 2009 \u00e5rs stora filmsucc\u00e9er och lockade n\u00e4stan 600&hellip;\n","protected":false},"author":2,"featured_media":110722,"comment_status":"","ping_status":"","sticky":false,"template":"","format":"standard","meta":{"footnotes":""},"categories":[67],"tags":[104,34,2535,31,33,32,30,2044,105],"class_list":{"0":"post-110721","1":"post","2":"type-post","3":"status-publish","4":"format-standard","5":"has-post-thumbnail","7":"category-underhallning","8":"tag-entertainment","9":"tag-se","10":"tag-svensk-film","11":"tag-svenska","12":"tag-sverige","13":"tag-sweden","14":"tag-swedish","15":"tag-trailer","16":"tag-underhallning"},"share_on_mastodon":{"url":"https:\/\/pubeurope.com\/@se\/115744439376510081","error":""},"_links":{"self":[{"href":"https:\/\/www.europesays.com\/se\/wp-json\/wp\/v2\/posts\/110721","targetHints":{"allow":["GET"]}}],"collection":[{"href":"https:\/\/www.europesays.com\/se\/wp-json\/wp\/v2\/posts"}],"about":[{"href":"https:\/\/www.europesays.com\/se\/wp-json\/wp\/v2\/types\/post"}],"author":[{"embeddable":true,"href":"https:\/\/www.europesays.com\/se\/wp-json\/wp\/v2\/users\/2"}],"replies":[{"embeddable":true,"href":"https:\/\/www.europesays.com\/se\/wp-json\/wp\/v2\/comments?post=110721"}],"version-history":[{"count":0,"href":"https:\/\/www.europesays.com\/se\/wp-json\/wp\/v2\/posts\/110721\/revisions"}],"wp:featuredmedia":[{"embeddable":true,"href":"https:\/\/www.europesays.com\/se\/wp-json\/wp\/v2\/media\/110722"}],"wp:attachment":[{"href":"https:\/\/www.europesays.com\/se\/wp-json\/wp\/v2\/media?parent=110721"}],"wp:term":[{"taxonomy":"category","embeddable":true,"href":"https:\/\/www.europesays.com\/se\/wp-json\/wp\/v2\/categories?post=110721"},{"taxonomy":"post_tag","embeddable":true,"href":"https:\/\/www.europesays.com\/se\/wp-json\/wp\/v2\/tags?post=110721"}],"curies":[{"name":"wp","href":"https:\/\/api.w.org\/{rel}","templated":true}]}}