{"id":110729,"date":"2025-12-19T05:08:40","date_gmt":"2025-12-19T05:08:40","guid":{"rendered":"https:\/\/www.europesays.com\/se\/110729\/"},"modified":"2025-12-19T05:08:40","modified_gmt":"2025-12-19T05:08:40","slug":"influencern-dopte-sitt-barn-efter-en-mordare-cecilia-hagen","status":"publish","type":"post","link":"https:\/\/www.europesays.com\/se\/110729\/","title":{"rendered":"Influencern d\u00f6pte sitt barn efter en m\u00f6rdare | Cecilia Hagen"},"content":{"rendered":"<p>Cecilia Hagen<\/p>\n<p>Publicerad 18 dec 2025 kl 05.00<\/p>\n<p>PremiumDan f\u00f6re dan f\u00f6re dan f\u00f6re dan f\u00f6re dan f\u00f6re dan f\u00f6re dopparedan. \u00c4r det i dag.<\/p>\n<p><img   alt=\"\"\/><\/p>\n<p>Den s\u00e5 kallade Stenbecksgranen i Stockholm s\u00e4gs vara v\u00e4rldens h\u00f6gsta julgran. Cecilia Hagens gran, d\u00e4remot, \u00e4r alldeles f\u00f6r liten.<\/p>\n<p>Foto: Anders Wiklund\/TT<\/p>\n<p>\u00d6ppna bild i helsk\u00e4rm<\/p>\n<p>Detta \u00e4r en kr\u00f6nika. Analys och st\u00e4llningstaganden \u00e4r skribentens.&#13;<br \/>\n &#13;<\/p>\n","protected":false},"excerpt":{"rendered":"Cecilia Hagen Publicerad 18 dec 2025 kl 05.00 PremiumDan f\u00f6re dan f\u00f6re dan f\u00f6re dan f\u00f6re dan f\u00f6re&hellip;\n","protected":false},"author":2,"featured_media":110730,"comment_status":"","ping_status":"","sticky":false,"template":"","format":"standard","meta":{"footnotes":""},"categories":[67],"tags":[104,103,34,2606,31,33,32,30,2830,225,105],"class_list":{"0":"post-110729","1":"post","2":"type-post","3":"status-publish","4":"format-standard","5":"has-post-thumbnail","7":"category-underhallning","8":"tag-entertainment","9":"tag-premium","10":"tag-se","11":"tag-sections-ceciliahagen","12":"tag-svenska","13":"tag-sverige","14":"tag-sweden","15":"tag-swedish","16":"tag-topic-jul","17":"tag-topic-klimat-miljo","18":"tag-underhallning"},"share_on_mastodon":{"url":"https:\/\/pubeurope.com\/@se\/115744506109293276","error":""},"_links":{"self":[{"href":"https:\/\/www.europesays.com\/se\/wp-json\/wp\/v2\/posts\/110729","targetHints":{"allow":["GET"]}}],"collection":[{"href":"https:\/\/www.europesays.com\/se\/wp-json\/wp\/v2\/posts"}],"about":[{"href":"https:\/\/www.europesays.com\/se\/wp-json\/wp\/v2\/types\/post"}],"author":[{"embeddable":true,"href":"https:\/\/www.europesays.com\/se\/wp-json\/wp\/v2\/users\/2"}],"replies":[{"embeddable":true,"href":"https:\/\/www.europesays.com\/se\/wp-json\/wp\/v2\/comments?post=110729"}],"version-history":[{"count":0,"href":"https:\/\/www.europesays.com\/se\/wp-json\/wp\/v2\/posts\/110729\/revisions"}],"wp:featuredmedia":[{"embeddable":true,"href":"https:\/\/www.europesays.com\/se\/wp-json\/wp\/v2\/media\/110730"}],"wp:attachment":[{"href":"https:\/\/www.europesays.com\/se\/wp-json\/wp\/v2\/media?parent=110729"}],"wp:term":[{"taxonomy":"category","embeddable":true,"href":"https:\/\/www.europesays.com\/se\/wp-json\/wp\/v2\/categories?post=110729"},{"taxonomy":"post_tag","embeddable":true,"href":"https:\/\/www.europesays.com\/se\/wp-json\/wp\/v2\/tags?post=110729"}],"curies":[{"name":"wp","href":"https:\/\/api.w.org\/{rel}","templated":true}]}}