{"id":110732,"date":"2025-12-19T05:13:07","date_gmt":"2025-12-19T05:13:07","guid":{"rendered":"https:\/\/www.europesays.com\/se\/110732\/"},"modified":"2025-12-19T05:13:07","modified_gmt":"2025-12-19T05:13:07","slug":"wwfs-business-academy-starker-foretagsaffarer","status":"publish","type":"post","link":"https:\/\/www.europesays.com\/se\/110732\/","title":{"rendered":"WWF:s Business Academy st\u00e4rker f\u00f6retagsaff\u00e4rer"},"content":{"rendered":"<p>Klimatf\u00f6r\u00e4ndringar, f\u00f6rlust av biologisk m\u00e5ngfald och vattenbrist p\u00e5verkar redan f\u00f6retags r\u00e5varutillg\u00e5ng, kostnader, innovation och operativa risker. Trots Sveriges starka innovationsf\u00f6rm\u00e5ga ser WWF en v\u00e4xande kunskapsbrist i n\u00e4ringslivet n\u00e4r det g\u00e4ller hur verksamheten p\u00e5verkar \u2013 och p\u00e5verkas av \u2013 naturens system.\u00a0<\/p>\n<p>\u2013\u202fVi st\u00e5r mitt i en systemkris som p\u00e5verkar hela ekonomin. Naturen \u00e4r inte en extern faktor \u2013 den \u00e4r grunden f\u00f6r v\u00e5r v\u00e4lf\u00e4rd och aff\u00e4r. Svenskt n\u00e4ringsliv st\u00e5r inf\u00f6r ett v\u00e4gval: antingen v\u00e4ntar vi p\u00e5 regleringar och kriser, eller s\u00e5 kliver vi fram, investerar i kunskap och leder utvecklingen. WWF Business Academy ska rusta b\u00e5de ledningar och medarbetare med den f\u00f6rst\u00e5else och de verktyg som beh\u00f6vs f\u00f6r att framtidss\u00e4kra verksamheten,\u202fs\u00e4ger\u202fElin Larsson,\u00a0chef\u00a0f\u00f6r\u00a0avdelningen\u00a0n\u00e4ringsliv och finans, WWF,\u00a0<\/p>\n<p>\u00d6ver\u202f55 procent av v\u00e4rldens BNP\u202f\u00e4r beroende av naturens ekosystemtj\u00e4nster, och World\u00a0Economic\u00a0Forum bed\u00f6mer att\u202ffem av de tio st\u00f6rsta globala aff\u00e4rsriskerna\u202f\u00e4r kopplade till klimat- och naturf\u00f6rlust. F\u00f6retag som inte agerar riskerar \u00f6kade kostnader, minskat investeringskapital och f\u00f6rlorad konkurrenskraft. Fokus \u00e4r att ge\u00a0organisationer en\u202fgemensam kunskapsbas\u202f\u2013 s\u00e5 att hela f\u00f6retaget kan f\u00f6rst\u00e5 risker, identifiera m\u00f6jligheter och agera samlat.\u00a0<\/p>\n<p>\u2013\u202fSverige har l\u00e4nge varit ett f\u00f6reg\u00e5ngsland inom forskning och innovation. Men i dag ser vi hur kunskap ifr\u00e5gas\u00e4tts, samtidigt som klimat- och naturfr\u00e5gorna fortfarande betraktas som sidofr\u00e5gor i m\u00e5nga f\u00f6retag, trots att de \u00e4r grunden f\u00f6r hela v\u00e5r v\u00e4lf\u00e4rd. Med WWF Business Academy vill vi bidra till ett kunskapslyft som st\u00e4rker f\u00f6retagens konkurrenskraft, s\u00e4ger\u00a0Gustaf\u00a0Lind, generalsekreterare\u00a0V\u00e4rldsnaturfonden WWF.\u00a0<\/p>\n<p>Klimat- och naturkrisen p\u00e5verkar allt fr\u00e5n r\u00e5varupriser och leverant\u00f6rskedjor till finansiering och kundkrav. Samtidigt \u00f6kar regelverken snabbt \u2013 \u00e4ven om n\u00e5gra EU-regler\u00a0mildras kvarst\u00e5r trenden tydligt. F\u00f6retag som ligger i framkant kommer attrahera kapital, kunder och arbetskraft. F\u00f6retag som inte g\u00f6r det riskerar att halka efter. WWF Business Academy ger f\u00f6retag m\u00f6jlighet att ta ledarskap, bygga intern kompetens och st\u00e4rka sin l\u00e5ngsiktiga konkurrenskraft.\u00a0<\/p>\n<p>WWF Business Academy<\/p>\n<p>WWF Business Academy \u00e4r en\u202fdigital utbildningsplattform\u202fsom\u00a0t\u00e4cker klimat, biologisk m\u00e5ngfald och vatten \u2013 alltid med aff\u00e4rsnytta som utg\u00e5ngspunkt. Fokus \u00e4r att ge\u00a0organisationer en\u202fgemensam kunskapsbas\u202f\u2013 s\u00e5 att hela f\u00f6retaget kan f\u00f6rst\u00e5 risker, identifiera m\u00f6jligheter och agera samlat.\u00a0<\/p>\n<p>Plattformen erbjuder bland annat; digitala kurser fr\u00e5n introduktion till expertniv\u00e5, konkreta verktyg och metoder\u202ff\u00f6r att oms\u00e4tta vetenskap i strategi och aff\u00e4rsutveckling,\u00a0fr\u00e5n f\u00f6retag i framkant\u202fav omst\u00e4llningen och material anpassat \u00e4ven f\u00f6r leverant\u00f6rsledet, s\u00e5 att hela v\u00e4rdekedjan kan st\u00e4rkas.\u00a0Att h\u00f6ja kunskapsniv\u00e5n i klimat och natur \u00e4r en aff\u00e4rskritisk investering i f\u00f6retagets framtid.\u00a0<\/p>\n<p>WWF Executive Academy<\/p>\n<p>Som en del av satsningen lanseras \u00e4ven WWF\u00a0Executive\u00a0Academy, ett helt nytt utbildningsprogram f\u00f6r ledningsgrupper, styrelser eller hela grupper inom ett f\u00f6retag, som vill st\u00e4rka sin strategiska f\u00f6rm\u00e5ga och accelerera omst\u00e4llningen. F\u00f6retag som vill vara konkurrenskraftiga beh\u00f6ver ledningar som f\u00f6rst\u00e5r hur natur och ekonomi h\u00e4nger ihop \u2013 och som kan oms\u00e4tta den f\u00f6rst\u00e5elsen i innovation, styrning och aff\u00e4rsutveckling. I dag f\u00f6r\u00e4ndras spelplanen snabbt n\u00e4r klimatkris, naturf\u00f6rlust och \u00f6kande regelverk p\u00e5verkar allt fr\u00e5n r\u00e5varutillg\u00e5ng till finansiering.\u00a0<\/p>\n<p>WWF\u00a0Executive\u00a0Academy hj\u00e4lper f\u00f6retag att identifiera strategiska v\u00e4gval f\u00f6r aff\u00e4rsnytta, utveckla metodik f\u00f6r prioriteringar och beslut som st\u00e4rker aff\u00e4ren och l\u00e4gga grunden f\u00f6r styrning i linje med framtidens krav och m\u00f6jligheter. Kursen leds av\u00a0WWFs\u00a0experter tillsammans med forskare, ledarskapsutvecklare och n\u00e4ringslivsprofiler. Metodiken bygger bland annat p\u00e5 backcasting, d\u00e4r deltagarna arbetar utifr\u00e5n framtidsbilder f\u00f6r 2030 och 2050 f\u00f6r att identifiera vilka strategiska beslut som beh\u00f6ver tas redan idag.\u00a0<\/p>\n<p>WWF\u00a0Executive\u00a0Academy erbjuds i tv\u00e5 format;\u00a0ett naturbaserat retreat\u00a0\u2013 p\u00e5\u00a0Eksk\u00e4ret, en privat \u00f6 i Stockholms sk\u00e4rg\u00e5rd, eller i ett f\u00f6retagsn\u00e4ra format \u2013 p\u00e5 plats hos f\u00f6retaget eller n\u00e4rliggande konferensanl\u00e4ggning.\u00a0\u00a0<\/p>\n<p><strong>F\u00f6r mer information, se h\u00e4r:\u00a0<\/strong><\/p>\n<p><a href=\"https:\/\/academy.wwf.se\/\" rel=\"nofollow noopener\" target=\"_blank\">WWF Business Academy<\/a>,\u00a0samt h\u00e4r:\u00a0<a href=\"https:\/\/academy.wwf.se\/wwf-executive-academy\" rel=\"nofollow noopener\" target=\"_blank\">WWF Executive Academy<\/a>\u00a0<\/p>\n<p><strong>F\u00f6r intervjuer eller mer information, kontakta:\u00a0\u00a0<\/strong><\/p>\n<p>Anna Almberg, press, WWF.\u00a0<a href=\"https:\/\/www.wwf.se\/pressmeddelande\/wwf-lanserar-business-academy-hjalper-foretag-starka-affaren\/mailto:Anna.almberg@wwf.se\" rel=\"nofollow noopener\" target=\"_blank\">Anna.almberg@wwf.se<\/a>, 0709816782\u00a0<\/p>\n<p>Elin Larsson, chef\u00a0f\u00f6r n\u00e4ringsliv och finans p\u00e5 WWF\u00a0i Sverige,\u00a0och ansvarig f\u00f6r WWF Business Academy.\u00a0<a href=\"https:\/\/www.wwf.se\/pressmeddelande\/wwf-lanserar-business-academy-hjalper-foretag-starka-affaren\/mailto:Elin.larsson@wwf.se\" rel=\"nofollow noopener\" target=\"_blank\">Elin.larsson@wwf.se<\/a>\u00a0\u00a0<\/p>\n","protected":false},"excerpt":{"rendered":"Klimatf\u00f6r\u00e4ndringar, f\u00f6rlust av biologisk m\u00e5ngfald och vattenbrist p\u00e5verkar redan f\u00f6retags r\u00e5varutillg\u00e5ng, kostnader, innovation och operativa risker. Trots Sveriges&hellip;\n","protected":false},"author":2,"featured_media":110733,"comment_status":"","ping_status":"","sticky":false,"template":"","format":"standard","meta":{"footnotes":""},"categories":[5],"tags":[22,23,26,27,17,21,24,25,28,29,15,16,18,34,31,33,32,30,19,20],"class_list":{"0":"post-110732","1":"post","2":"type-post","3":"status-publish","4":"format-standard","5":"has-post-thumbnail","7":"category-rubriker","8":"tag-breaking-news","9":"tag-breakingnews","10":"tag-featured-news","11":"tag-featurednews","12":"tag-headlines","13":"tag-huvudnyheter","14":"tag-latest-news","15":"tag-latestnews","16":"tag-main-news","17":"tag-mainnews","18":"tag-news","19":"tag-nyheter","20":"tag-rubriker","21":"tag-se","22":"tag-svenska","23":"tag-sverige","24":"tag-sweden","25":"tag-swedish","26":"tag-top-stories","27":"tag-topstories"},"share_on_mastodon":{"url":"https:\/\/pubeurope.com\/@se\/115744525766600048","error":""},"_links":{"self":[{"href":"https:\/\/www.europesays.com\/se\/wp-json\/wp\/v2\/posts\/110732","targetHints":{"allow":["GET"]}}],"collection":[{"href":"https:\/\/www.europesays.com\/se\/wp-json\/wp\/v2\/posts"}],"about":[{"href":"https:\/\/www.europesays.com\/se\/wp-json\/wp\/v2\/types\/post"}],"author":[{"embeddable":true,"href":"https:\/\/www.europesays.com\/se\/wp-json\/wp\/v2\/users\/2"}],"replies":[{"embeddable":true,"href":"https:\/\/www.europesays.com\/se\/wp-json\/wp\/v2\/comments?post=110732"}],"version-history":[{"count":0,"href":"https:\/\/www.europesays.com\/se\/wp-json\/wp\/v2\/posts\/110732\/revisions"}],"wp:featuredmedia":[{"embeddable":true,"href":"https:\/\/www.europesays.com\/se\/wp-json\/wp\/v2\/media\/110733"}],"wp:attachment":[{"href":"https:\/\/www.europesays.com\/se\/wp-json\/wp\/v2\/media?parent=110732"}],"wp:term":[{"taxonomy":"category","embeddable":true,"href":"https:\/\/www.europesays.com\/se\/wp-json\/wp\/v2\/categories?post=110732"},{"taxonomy":"post_tag","embeddable":true,"href":"https:\/\/www.europesays.com\/se\/wp-json\/wp\/v2\/tags?post=110732"}],"curies":[{"name":"wp","href":"https:\/\/api.w.org\/{rel}","templated":true}]}}