{"id":110740,"date":"2025-12-19T05:32:14","date_gmt":"2025-12-19T05:32:14","guid":{"rendered":"https:\/\/www.europesays.com\/se\/110740\/"},"modified":"2025-12-19T05:32:14","modified_gmt":"2025-12-19T05:32:14","slug":"sasongen-stangdes-med-forlust-i-bratislava","status":"publish","type":"post","link":"https:\/\/www.europesays.com\/se\/110740\/","title":{"rendered":"S\u00e4songen st\u00e4ngdes med f\u00f6rlust i Bratislava"},"content":{"rendered":"<p><strong>\u00c5rets sista match s\u00e5g l\u00e4nge ut att bli en oavgjord historia. Men efter ett sent insl\u00e4ppt m\u00e5l slutade Conference League-matchen mot Slovan Bratislava med f\u00f6rlust. <br \/>\u2013 En besvikelse s\u00e5klart, s\u00e4ger mittback Johan Hammar. <\/strong><\/p>\n<p>Det var en kall kv\u00e4ll i Bratislava, n\u00e4r BK H\u00e4cken m\u00f6tte Slovan Bratislava i den avslutande ligafasmatchen i Conference League. Redan inf\u00f6r matchen stod det klart att Bollklubben inte kunde n\u00e5 slutspel, men laget jagade en historisk seger i Europa.<br \/>M\u00e5lvakten Andreas Linde fick kliva in i startelvan och stod f\u00f6r flera kvalificerade r\u00e4ddningar, och d\u00e4rtill hade BK H\u00e4cken starka chanser i f\u00f6rsta halvlek, men man gick till paus med 0-0. L\u00e4get var likadant efter n\u00e4stan 85 minuter, d\u00e5 hemmalaget gjorde 1-0, vilket ocks\u00e5 blev slutresultatet.<br \/>\u2013 Igen g\u00f6r vi en bra match, d\u00e4r vi har klart \u00f6vertag en stor del. S\u00e5 det \u00e4r en besvikelse s\u00e5klart, s\u00e4ger Johan Hammar. \u00a0<\/p>\n<p><strong>Starkare 2026<br \/><\/strong>Hammar, som drog av h\u00e4lsenan tidigt i v\u00e5ras, startade en t\u00e4vlingsmatch f\u00f6r f\u00f6rsta g\u00e5ngen sedan skadan. Nu v\u00e4ntar fyra veckors uppeh\u00e5ll, d\u00e4r mittbacken ska vila, men ocks\u00e5 bygga upp sig.<br \/>\u2013 Jag \u00e4r n\u00f6jd med att jag orkade s\u00e5 l\u00e4nge som jag gjorde i dag, men nu vill jag s\u00e5klart komma den sista biten ocks\u00e5. B\u00e5de jag och laget kommer tillbaka starkare 2026, det \u00e4r jag s\u00e4ker p\u00e5.<\/p>\n<p><strong>L\u00e5ng s\u00e4song till \u00e4nda<br \/><\/strong>Det har varit en l\u00e5ng s\u00e4song f\u00f6r Bollklubbens herrlag, med segern i Svenska Cupen och avancemanget till ligafasen i Conference League som tydliga toppar. Efter n\u00e4stan sextio matcher 2025 g\u00e5r nu BK H\u00e4ckens herrlag p\u00e5 vinterledighet.<br \/>\u2013 S\u00e4songen har haft stora framg\u00e5ngar, men ocks\u00e5 stora motg\u00e5ngar, s\u00e4ger huvudtr\u00e4nare Jens Gustafsson. Men vi har l\u00e4rt oss otroligt mycket och det \u00e4r saker vi tar med oss in i 2026 \u2013 och bygger fr\u00e5n. Vi ska jobba mycket med b\u00e5de gruppen och individerna, men f\u00f6rst t\u00e4nker jag att vi alla beh\u00f6ver ha en paus \u2013 vi har trots allt spelat i n\u00e4stan ett \u00e5r nu. \u00a0<\/p>\n<p>Se Jens Gustafssons tankar om matchen och \u00e5ret i spelaren ovan.\u00a0<\/p>\n","protected":false},"excerpt":{"rendered":"\u00c5rets sista match s\u00e5g l\u00e4nge ut att bli en oavgjord historia. Men efter ett sent insl\u00e4ppt m\u00e5l slutade&hellip;\n","protected":false},"author":2,"featured_media":110741,"comment_status":"","ping_status":"","sticky":false,"template":"","format":"standard","meta":{"footnotes":""},"categories":[68],"tags":[159,4526,138,4527,3474,34,111,110,31,33,32,30],"class_list":{"0":"post-110740","1":"post","2":"type-post","3":"status-publish","4":"format-standard","5":"has-post-thumbnail","7":"category-sport","8":"tag-allsvenskan","9":"tag-bravida-arena","10":"tag-fotboll","11":"tag-gpa","12":"tag-hisingen","13":"tag-se","14":"tag-sport","15":"tag-sports","16":"tag-svenska","17":"tag-sverige","18":"tag-sweden","19":"tag-swedish"},"share_on_mastodon":{"url":"https:\/\/pubeurope.com\/@se\/115744600483246845","error":""},"_links":{"self":[{"href":"https:\/\/www.europesays.com\/se\/wp-json\/wp\/v2\/posts\/110740","targetHints":{"allow":["GET"]}}],"collection":[{"href":"https:\/\/www.europesays.com\/se\/wp-json\/wp\/v2\/posts"}],"about":[{"href":"https:\/\/www.europesays.com\/se\/wp-json\/wp\/v2\/types\/post"}],"author":[{"embeddable":true,"href":"https:\/\/www.europesays.com\/se\/wp-json\/wp\/v2\/users\/2"}],"replies":[{"embeddable":true,"href":"https:\/\/www.europesays.com\/se\/wp-json\/wp\/v2\/comments?post=110740"}],"version-history":[{"count":0,"href":"https:\/\/www.europesays.com\/se\/wp-json\/wp\/v2\/posts\/110740\/revisions"}],"wp:featuredmedia":[{"embeddable":true,"href":"https:\/\/www.europesays.com\/se\/wp-json\/wp\/v2\/media\/110741"}],"wp:attachment":[{"href":"https:\/\/www.europesays.com\/se\/wp-json\/wp\/v2\/media?parent=110740"}],"wp:term":[{"taxonomy":"category","embeddable":true,"href":"https:\/\/www.europesays.com\/se\/wp-json\/wp\/v2\/categories?post=110740"},{"taxonomy":"post_tag","embeddable":true,"href":"https:\/\/www.europesays.com\/se\/wp-json\/wp\/v2\/tags?post=110740"}],"curies":[{"name":"wp","href":"https:\/\/api.w.org\/{rel}","templated":true}]}}