{"id":110742,"date":"2025-12-19T05:35:10","date_gmt":"2025-12-19T05:35:10","guid":{"rendered":"https:\/\/www.europesays.com\/se\/110742\/"},"modified":"2025-12-19T05:35:10","modified_gmt":"2025-12-19T05:35:10","slug":"stark-novembermanad-for-e-handeln-svensk-handel","status":"publish","type":"post","link":"https:\/\/www.europesays.com\/se\/110742\/","title":{"rendered":"Stark novemberm\u00e5nad f\u00f6r e-handeln | Svensk Handel"},"content":{"rendered":"<p>                            <img decoding=\"async\" src=\"https:\/\/www.europesays.com\/se\/wp-content\/uploads\/2025\/12\/28654a31-56f5-4b36-a0f1-1bc1097c5347-w_643_h_430_crop.jpg\" alt=\"Svensk Handels E-handelsindikator skattar e-handelns oms\u00e4ttning f\u00f6r november m\u00e5nad till 18,5 miljarder kronor.\" class=\"w-full aspect-3\/2 object-cover mt-24 desk:mt-64 mb-24 desk:mb-64\"\/><\/p>\n<p>Andelen konsumenter som e-handlade uppm\u00e4ttes till 77 procent vilket \u00e4r den h\u00f6gsta andelen en enskild m\u00e5nad sedan m\u00e4tningarna b\u00f6rjade 2020. Motsvarande andel i november 2024, och tidigare toppnotering, var 76 procent.<\/p>\n<p>\u2013 De positiva tendenserna vi anat under en l\u00e4ngre tid h\u00e5ller i sig. F\u00f6r sj\u00e4tte m\u00e5naden i rad ser vi en \u00f6kning j\u00e4mf\u00f6rt med samma m\u00e5nad f\u00f6reg\u00e5ende \u00e5r. S\u00e4rskilt positivt f\u00f6r branschen \u00e4r att intresset f\u00f6r att handla online aldrig varit st\u00f6rre. Det b\u00e5dar gott inf\u00f6r 2026, som sp\u00e5s bli ett \u00e5r d\u00e5 ekonomin \u00e5terh\u00e4mtar sig, s\u00e4ger Per Ljungberg, innovationschef p\u00e5 Svensk Handel.<\/p>\n<p>Andelen som e-handlade fr\u00e5n utlandet var hela 27 procent i november. \u00a0Tidigare toppnotering, fr\u00e5n april i \u00e5r, var 24 procent. Mer \u00e4n var tionde konsument e-handlade dessutom fr\u00e5n de kinesiska l\u00e5gprisakt\u00f6rerna Temu och Shein.<\/p>\n<p>\u2013 Det \u00e4r mycket orov\u00e4ckande att intresset f\u00f6r akt\u00f6rer likt Temu och Shein forts\u00e4tter att \u00f6ka. Ut\u00f6ver att riskera arbetstillf\u00e4llen och skatteint\u00e4kter i Sverige, l\u00f6per man som konsument ocks\u00e5 risk att k\u00f6pa direkt farliga produkter. Det \u00e4r positivt att man nu inf\u00f6r en tullavgift i EU, men den hade beh\u00f6vt vara betydligt h\u00f6gre f\u00f6r att g\u00f6ra skillnad. Det \u00e4r uppenbart att vi har en l\u00e5ng v\u00e4g att vandra innan konkurrens kan ske p\u00e5 lika villkor, s\u00e4ger Per Ljungberg.<\/p>\n","protected":false},"excerpt":{"rendered":"Andelen konsumenter som e-handlade uppm\u00e4ttes till 77 procent vilket \u00e4r den h\u00f6gsta andelen en enskild m\u00e5nad sedan m\u00e4tningarna&hellip;\n","protected":false},"author":2,"featured_media":110743,"comment_status":"","ping_status":"","sticky":false,"template":"","format":"standard","meta":{"footnotes":""},"categories":[65],"tags":[72,70,71,34,31,33,32,30],"class_list":{"0":"post-110742","1":"post","2":"type-post","3":"status-publish","4":"format-standard","5":"has-post-thumbnail","7":"category-ekonomi","8":"tag-business","9":"tag-economy","10":"tag-ekonomi","11":"tag-se","12":"tag-svenska","13":"tag-sverige","14":"tag-sweden","15":"tag-swedish"},"share_on_mastodon":{"url":"https:\/\/pubeurope.com\/@se\/115744612419168057","error":""},"_links":{"self":[{"href":"https:\/\/www.europesays.com\/se\/wp-json\/wp\/v2\/posts\/110742","targetHints":{"allow":["GET"]}}],"collection":[{"href":"https:\/\/www.europesays.com\/se\/wp-json\/wp\/v2\/posts"}],"about":[{"href":"https:\/\/www.europesays.com\/se\/wp-json\/wp\/v2\/types\/post"}],"author":[{"embeddable":true,"href":"https:\/\/www.europesays.com\/se\/wp-json\/wp\/v2\/users\/2"}],"replies":[{"embeddable":true,"href":"https:\/\/www.europesays.com\/se\/wp-json\/wp\/v2\/comments?post=110742"}],"version-history":[{"count":0,"href":"https:\/\/www.europesays.com\/se\/wp-json\/wp\/v2\/posts\/110742\/revisions"}],"wp:featuredmedia":[{"embeddable":true,"href":"https:\/\/www.europesays.com\/se\/wp-json\/wp\/v2\/media\/110743"}],"wp:attachment":[{"href":"https:\/\/www.europesays.com\/se\/wp-json\/wp\/v2\/media?parent=110742"}],"wp:term":[{"taxonomy":"category","embeddable":true,"href":"https:\/\/www.europesays.com\/se\/wp-json\/wp\/v2\/categories?post=110742"},{"taxonomy":"post_tag","embeddable":true,"href":"https:\/\/www.europesays.com\/se\/wp-json\/wp\/v2\/tags?post=110742"}],"curies":[{"name":"wp","href":"https:\/\/api.w.org\/{rel}","templated":true}]}}