{"id":110749,"date":"2025-12-19T06:12:09","date_gmt":"2025-12-19T06:12:09","guid":{"rendered":"https:\/\/www.europesays.com\/se\/110749\/"},"modified":"2025-12-19T06:12:09","modified_gmt":"2025-12-19T06:12:09","slug":"pojke-gripen-efter-brand-pa-skola-utanfor-helsingborg","status":"publish","type":"post","link":"https:\/\/www.europesays.com\/se\/110749\/","title":{"rendered":"Pojke gripen efter brand p\u00e5 skola utanf\u00f6r Helsingborg"},"content":{"rendered":"<p>Strax efter klockan 01.00 kom larmet om r\u00f6kutveckling p\u00e5 skolomr\u00e5det, r\u00e4ddningstj\u00e4nst och polis skickades till platsen som sp\u00e4rrades av.<\/p>\n<p>Branden ska enligt r\u00e4ddningstj\u00e4nsten ha startat vid en d\u00f6rr och kunde sl\u00e4ckas omg\u00e5ende. En d\u00f6rr ska ha blivit brandskadad och det ska \u00e4ven ha blivit en mindre r\u00f6kspridning i en del av lokalen.<\/p>\n<p>En pojke under 18 \u00e5r greps under natten men har sl\u00e4ppts efter \u00e5klagarens beslut. Pojken \u00e4r fortfarande misst\u00e4nkt och polisen utreder h\u00e4ndelsen som mordbrand.<\/p>\n<p>Avsp\u00e4rrningarna kommer vara kvar under f\u00f6rmiddagen.<\/p>\n","protected":false},"excerpt":{"rendered":"Strax efter klockan 01.00 kom larmet om r\u00f6kutveckling p\u00e5 skolomr\u00e5det, r\u00e4ddningstj\u00e4nst och polis skickades till platsen som sp\u00e4rrades&hellip;\n","protected":false},"author":2,"featured_media":793,"comment_status":"","ping_status":"","sticky":false,"template":"","format":"standard","meta":{"footnotes":""},"categories":[12],"tags":[22,23,26,27,17,21,24,25,28,29,15,16,18,34,31,33,32,30,19,20],"class_list":{"0":"post-110749","1":"post","2":"type-post","3":"status-publish","4":"format-standard","5":"has-post-thumbnail","7":"category-sverige","8":"tag-breaking-news","9":"tag-breakingnews","10":"tag-featured-news","11":"tag-featurednews","12":"tag-headlines","13":"tag-huvudnyheter","14":"tag-latest-news","15":"tag-latestnews","16":"tag-main-news","17":"tag-mainnews","18":"tag-news","19":"tag-nyheter","20":"tag-rubriker","21":"tag-se","22":"tag-svenska","23":"tag-sverige","24":"tag-sweden","25":"tag-swedish","26":"tag-top-stories","27":"tag-topstories"},"share_on_mastodon":{"url":"https:\/\/pubeurope.com\/@se\/115744757751921734","error":""},"_links":{"self":[{"href":"https:\/\/www.europesays.com\/se\/wp-json\/wp\/v2\/posts\/110749","targetHints":{"allow":["GET"]}}],"collection":[{"href":"https:\/\/www.europesays.com\/se\/wp-json\/wp\/v2\/posts"}],"about":[{"href":"https:\/\/www.europesays.com\/se\/wp-json\/wp\/v2\/types\/post"}],"author":[{"embeddable":true,"href":"https:\/\/www.europesays.com\/se\/wp-json\/wp\/v2\/users\/2"}],"replies":[{"embeddable":true,"href":"https:\/\/www.europesays.com\/se\/wp-json\/wp\/v2\/comments?post=110749"}],"version-history":[{"count":0,"href":"https:\/\/www.europesays.com\/se\/wp-json\/wp\/v2\/posts\/110749\/revisions"}],"wp:featuredmedia":[{"embeddable":true,"href":"https:\/\/www.europesays.com\/se\/wp-json\/wp\/v2\/media\/793"}],"wp:attachment":[{"href":"https:\/\/www.europesays.com\/se\/wp-json\/wp\/v2\/media?parent=110749"}],"wp:term":[{"taxonomy":"category","embeddable":true,"href":"https:\/\/www.europesays.com\/se\/wp-json\/wp\/v2\/categories?post=110749"},{"taxonomy":"post_tag","embeddable":true,"href":"https:\/\/www.europesays.com\/se\/wp-json\/wp\/v2\/tags?post=110749"}],"curies":[{"name":"wp","href":"https:\/\/api.w.org\/{rel}","templated":true}]}}