{"id":110767,"date":"2025-12-19T06:38:25","date_gmt":"2025-12-19T06:38:25","guid":{"rendered":"https:\/\/www.europesays.com\/se\/110767\/"},"modified":"2025-12-19T06:38:25","modified_gmt":"2025-12-19T06:38:25","slug":"finlands-statsminister-ber-asiatiska-lander-om-ursakt","status":"publish","type":"post","link":"https:\/\/www.europesays.com\/se\/110767\/","title":{"rendered":"Finlands statsminister ber asiatiska l\u00e4nder om urs\u00e4kt"},"content":{"rendered":"<p>P\u00e5 den finl\u00e4ndska ambassaden i Tokyos X-konto skriver statsminister Petteri Orpo, Samlingspartiet, att inl\u00e4ggen inte speglar de v\u00e4rderingar som Finland st\u00e5r f\u00f6r, d\u00e4r j\u00e4mlikhet och inkludering \u00e4r centrala.<\/p>\n<p>\u201dJag vill uppriktigt be om urs\u00e4kt f\u00f6r de senaste kr\u00e4nkande inl\u00e4ggen i sociala medier fr\u00e5n enskilda parlamentsledam\u00f6ter.\u201d<\/p>\n<p>Orpo skriver att regeringen tydligt tar avst\u00e5nd fr\u00e5n och bek\u00e4mpar rasism. Statsministern skriver ocks\u00e5 att ledam\u00f6ternas agerande har diskuterats i riksdagen och att partirepresentanterna har tagit avst\u00e5nd fr\u00e5n inl\u00e4ggen.<\/p>\n<p><strong>Motsvarande inl\u00e4gg har<\/strong> ocks\u00e5 publicerats p\u00e5 Weibo, kinesiska alternativet till X, fr\u00e5n ambassaden i Beijing och p\u00e5 ambassaden i Seouls Instagramkonto.<\/p>\n<p>          <img decoding=\"async\" class=\"picture__img\" src=\"https:\/\/www.europesays.com\/se\/wp-content\/uploads\/2025\/12\/6c627da4-6ca5-44d4-929e-0b95ecd2ed33.jpeg\"   alt=\"Sarah Dzafce fr\u00e5ntogs titeln som Miss Finland efter att ha publicerat en bild i sociala medier d\u00e4r hon med fingrarna drar \u00f6gonen \u00e5t sidorna f\u00f6r att skapa en kinesisk karikatyr. Sannfinl\u00e4ndska riksdagsledam\u00f6ter lade sedan ut bilder med samma gester \u2013 f\u00f6r att ge Dzafce sitt st\u00f6d.\"\/><\/p>\n<p>      Sarah Dzafce fr\u00e5ntogs titeln som Miss Finland efter att ha publicerat en bild i sociala medier d\u00e4r hon med fingrarna drar \u00f6gonen \u00e5t sidorna f\u00f6r att skapa en kinesisk karikatyr. Sannfinl\u00e4ndska riksdagsledam\u00f6ter lade sedan ut bilder med samma gester \u2013 f\u00f6r att ge Dzafce sitt st\u00f6d.<\/p>\n<p>      Foto: Emmi Korhonen\/AP<\/p>\n<p>Orpos urs\u00e4kt kommer efter att nyheter om b\u00e5de tidigare Miss Finland Sarah Dzafces rasismskandal och om de finl\u00e4ndska riksdagsledam\u00f6ternas beteende f\u00e5tt spridning i asiatisk massmedia.<\/p>\n<p><strong>Till exempel publicerade<\/strong> koreanska The Chosun Daily en artikel om hur finl\u00e4ndska riksdagsledam\u00f6ter f\u00f6rsvarade Miss Finland med bilder p\u00e5 utdragna \u00f6gon. Artikeln beskriver Sannfinl\u00e4ndarna som ett populistparti p\u00e5 ytterh\u00f6gern, noterar partiledaren Riikka Purras tystnad och kritiken mot statsminister Orpo som inte f\u00e5tt styr p\u00e5 \u00e5terkommande rasismskandaler.<\/p>\n<p>Ocks\u00e5 japanska Asahi Shimbun har publicerat en artikel med bilden p\u00e5 riksdagsledamoten Juho Eerola. Eerola ber i ett citat om urs\u00e4kt: \u201dJag \u00e4r djupt ledsen \u00f6ver att min bild har f\u00f6rol\u00e4mpat asiater.\u201d<\/p>\n<p>Kommunikationschefen Anne Sj\u00f6holm vid Statsr\u00e5dets kansli kommenterar skandalen i tidningen. \u201dDet finns ingen plats f\u00f6r rasism i Finland. Politiker har ett ansvar att f\u00f6reg\u00e5 med gott exempel i det avseendet\u201d, sade Sj\u00f6holm.<\/p>\n<p><strong>Orpo sade redan<\/strong> i b\u00f6rjan av veckan att h\u00e4ndelsen \u201dhade skadat fosterlandet\u201d.<\/p>\n<p>\u2013 Det \u00e5terst\u00e5r att se hur allvarlig skadan \u00e4r, men det \u00e4r klart att det har uppst\u00e5tt en skada, sa Orpo p\u00e5 tisdagen.<\/p>\n<p>Orpo sa ocks\u00e5 att han inte accepterar rasism i n\u00e5gon form och att han litar p\u00e5 att Sannfinl\u00e4ndarnas riksdagsgrupp behandlar fallet med det allvar som kr\u00e4vs.<\/p>\n","protected":false},"excerpt":{"rendered":"P\u00e5 den finl\u00e4ndska ambassaden i Tokyos X-konto skriver statsminister Petteri Orpo, Samlingspartiet, att inl\u00e4ggen inte speglar de v\u00e4rderingar&hellip;\n","protected":false},"author":2,"featured_media":110768,"comment_status":"","ping_status":"","sticky":false,"template":"","format":"standard","meta":{"footnotes":""},"categories":[14],"tags":[22,23,26,27,17,21,24,25,28,29,15,16,18,34,31,33,32,30,19,20,51,52,53,54],"class_list":{"0":"post-110767","1":"post","2":"type-post","3":"status-publish","4":"format-standard","5":"has-post-thumbnail","7":"category-varlden","8":"tag-breaking-news","9":"tag-breakingnews","10":"tag-featured-news","11":"tag-featurednews","12":"tag-headlines","13":"tag-huvudnyheter","14":"tag-latest-news","15":"tag-latestnews","16":"tag-main-news","17":"tag-mainnews","18":"tag-news","19":"tag-nyheter","20":"tag-rubriker","21":"tag-se","22":"tag-svenska","23":"tag-sverige","24":"tag-sweden","25":"tag-swedish","26":"tag-top-stories","27":"tag-topstories","28":"tag-varlden","29":"tag-world","30":"tag-world-news","31":"tag-worldnews"},"share_on_mastodon":{"url":"https:\/\/pubeurope.com\/@se\/115744860143745933","error":""},"_links":{"self":[{"href":"https:\/\/www.europesays.com\/se\/wp-json\/wp\/v2\/posts\/110767","targetHints":{"allow":["GET"]}}],"collection":[{"href":"https:\/\/www.europesays.com\/se\/wp-json\/wp\/v2\/posts"}],"about":[{"href":"https:\/\/www.europesays.com\/se\/wp-json\/wp\/v2\/types\/post"}],"author":[{"embeddable":true,"href":"https:\/\/www.europesays.com\/se\/wp-json\/wp\/v2\/users\/2"}],"replies":[{"embeddable":true,"href":"https:\/\/www.europesays.com\/se\/wp-json\/wp\/v2\/comments?post=110767"}],"version-history":[{"count":0,"href":"https:\/\/www.europesays.com\/se\/wp-json\/wp\/v2\/posts\/110767\/revisions"}],"wp:featuredmedia":[{"embeddable":true,"href":"https:\/\/www.europesays.com\/se\/wp-json\/wp\/v2\/media\/110768"}],"wp:attachment":[{"href":"https:\/\/www.europesays.com\/se\/wp-json\/wp\/v2\/media?parent=110767"}],"wp:term":[{"taxonomy":"category","embeddable":true,"href":"https:\/\/www.europesays.com\/se\/wp-json\/wp\/v2\/categories?post=110767"},{"taxonomy":"post_tag","embeddable":true,"href":"https:\/\/www.europesays.com\/se\/wp-json\/wp\/v2\/tags?post=110767"}],"curies":[{"name":"wp","href":"https:\/\/api.w.org\/{rel}","templated":true}]}}