{"id":110774,"date":"2025-12-19T06:49:12","date_gmt":"2025-12-19T06:49:12","guid":{"rendered":"https:\/\/www.europesays.com\/se\/110774\/"},"modified":"2025-12-19T06:49:12","modified_gmt":"2025-12-19T06:49:12","slug":"storre-frihet-med-flexiblare-hemtjanst","status":"publish","type":"post","link":"https:\/\/www.europesays.com\/se\/110774\/","title":{"rendered":"St\u00f6rre frihet med flexiblare hemtj\u00e4nst"},"content":{"rendered":"<p class=\"normal\">Solna stad \u00e4r inte bara utf\u00f6rare av hemtj\u00e4nstinsatser genom den kommunala hemtj\u00e4nsten Humaniora. Kommunen anger ocks\u00e5 ramverket f\u00f6r insatserna och hur de utf\u00f6rs, \u00e4ven av de upphandlade utf\u00f6rarna. Nu p\u00e5g\u00e5r en omst\u00e4llning till st\u00f6rre flexibilitet, som \u00f6kar brukarnas delaktighet i utformandet av hemtj\u00e4nstinsatserna. F\u00f6rst ut var insatsen \u201dPromenad\u201d.<\/p>\n<p>Mer \u00e4n bara en promenad<\/p>\n<p class=\"normal\">I st\u00e4llet f\u00f6r att ha beviljats just en promenad, f\u00e5r den enskilde nu st\u00f6rre makt \u00f6ver insatsen och best\u00e4mmer tillsammans med personalen hur man ska tillbringa den gemensamma stunden. Vill hen ta en promenad s\u00e5 g\u00f6r man det, men det kan ocks\u00e5 bli en stund p\u00e5 balkongen, kortspel i vardagsrummet eller en kopp kaffe vid k\u00f6ksbordet. S\u00e5 l\u00e4nge det r\u00f6r sig om social samvaro \u00e4r det bara fantasin som s\u00e4tter gr\u00e4nserna.<\/p>\n<p class=\"normal\">&#8211; Det h\u00e4r bidrar inte minst till att minska den besv\u00e4rande ensamhet m\u00e5nga \u00e4ldre upplever. Och omst\u00e4llningen till en flexiblare hemtj\u00e4nst forts\u00e4tter. Fler insatser kommer att ber\u00f6ras fram\u00f6ver, det h\u00e4r \u00e4r bara ett f\u00f6rsta steg, s\u00e4ger Helena \u00c5man, chef f\u00f6r omv\u00e5rdnadsf\u00f6rvaltningen.<\/p>\n","protected":false},"excerpt":{"rendered":"Solna stad \u00e4r inte bara utf\u00f6rare av hemtj\u00e4nstinsatser genom den kommunala hemtj\u00e4nsten Humaniora. Kommunen anger ocks\u00e5 ramverket f\u00f6r&hellip;\n","protected":false},"author":2,"featured_media":110775,"comment_status":"","ping_status":"","sticky":false,"template":"","format":"standard","meta":{"footnotes":""},"categories":[12],"tags":[22,23,26,27,17,21,24,25,28,29,15,16,18,34,31,33,32,30,19,20],"class_list":{"0":"post-110774","1":"post","2":"type-post","3":"status-publish","4":"format-standard","5":"has-post-thumbnail","7":"category-sverige","8":"tag-breaking-news","9":"tag-breakingnews","10":"tag-featured-news","11":"tag-featurednews","12":"tag-headlines","13":"tag-huvudnyheter","14":"tag-latest-news","15":"tag-latestnews","16":"tag-main-news","17":"tag-mainnews","18":"tag-news","19":"tag-nyheter","20":"tag-rubriker","21":"tag-se","22":"tag-svenska","23":"tag-sverige","24":"tag-sweden","25":"tag-swedish","26":"tag-top-stories","27":"tag-topstories"},"share_on_mastodon":{"url":"https:\/\/pubeurope.com\/@se\/115744903267416421","error":""},"_links":{"self":[{"href":"https:\/\/www.europesays.com\/se\/wp-json\/wp\/v2\/posts\/110774","targetHints":{"allow":["GET"]}}],"collection":[{"href":"https:\/\/www.europesays.com\/se\/wp-json\/wp\/v2\/posts"}],"about":[{"href":"https:\/\/www.europesays.com\/se\/wp-json\/wp\/v2\/types\/post"}],"author":[{"embeddable":true,"href":"https:\/\/www.europesays.com\/se\/wp-json\/wp\/v2\/users\/2"}],"replies":[{"embeddable":true,"href":"https:\/\/www.europesays.com\/se\/wp-json\/wp\/v2\/comments?post=110774"}],"version-history":[{"count":0,"href":"https:\/\/www.europesays.com\/se\/wp-json\/wp\/v2\/posts\/110774\/revisions"}],"wp:featuredmedia":[{"embeddable":true,"href":"https:\/\/www.europesays.com\/se\/wp-json\/wp\/v2\/media\/110775"}],"wp:attachment":[{"href":"https:\/\/www.europesays.com\/se\/wp-json\/wp\/v2\/media?parent=110774"}],"wp:term":[{"taxonomy":"category","embeddable":true,"href":"https:\/\/www.europesays.com\/se\/wp-json\/wp\/v2\/categories?post=110774"},{"taxonomy":"post_tag","embeddable":true,"href":"https:\/\/www.europesays.com\/se\/wp-json\/wp\/v2\/tags?post=110774"}],"curies":[{"name":"wp","href":"https:\/\/api.w.org\/{rel}","templated":true}]}}