{"id":110789,"date":"2025-12-19T07:20:09","date_gmt":"2025-12-19T07:20:09","guid":{"rendered":"https:\/\/www.europesays.com\/se\/110789\/"},"modified":"2025-12-19T07:20:09","modified_gmt":"2025-12-19T07:20:09","slug":"ncc-forbereder-for-ny-ackumulatortank-i-karlstad","status":"publish","type":"post","link":"https:\/\/www.europesays.com\/se\/110789\/","title":{"rendered":"NCC f\u00f6rbereder f\u00f6r ny ackumulatortank i Karlstad"},"content":{"rendered":"<p><img loading=\"lazy\" decoding=\"async\" alt=\"\" height=\"259\" src=\"https:\/\/www.europesays.com\/se\/wp-content\/uploads\/2025\/12\/99c2719a511e8deb_800x800ar.jpg\" width=\"437\"\/><\/p>\n<p>Bild: Karstads Energi<\/p>\n<p>P\u00e5 uppdrag av Karlstads Energi ska NCC utf\u00f6ra f\u00f6rberedande mark- och grundl\u00e4ggningsarbeten f\u00f6r en ny ackumulatortank som ska f\u00f6rst\u00e4rka och modernisera fj\u00e4rrv\u00e4rmesystemet i Karlstad. <\/p>\n<p>\u2013 Det h\u00e4r \u00e4r ett sp\u00e4nnande projekt, inte bara p\u00e5 grund av den tekniska komplexiteten utan \u00e4ven f\u00f6r att vi ska bygga ett nytt landm\u00e4rke i Karlstad. Det kr\u00e4ver mycket av b\u00e5de byggherre och entrepren\u00f6r, s\u00e4ger Peter Jansson, projektledare, Karlstad Energi.<\/p>\n<p>NCC:s arbete omfattar schakter, ledningsarbeten, r\u00e4cken, L-st\u00f6d och \u00e5terst\u00e4llning, grundl\u00e4ggning samt ett betongfundament p\u00e5 cirka 860 kubikmeter. Sj\u00e4lva ackumulatorn, 70 meter h\u00f6g och 26 meter i diameter, kommer att bli ett nytt landm\u00e4rke i Karlstad.<\/p>\n<p>\u2013 NCC har gedigen kompetens inom mark- och betongarbeten som g\u00f6r att vi v\u00e4l kan m\u00f6ta Karlstads Energis h\u00f6ga krav p\u00e5 precision och s\u00e4kerhet. Vi \u00e4r glada att f\u00e5 vara med i det h\u00e4r viktiga initiativet f\u00f6r modern och effektiv fj\u00e4rrv\u00e4rme i omr\u00e5det, s\u00e4ger Jonas Berglund, projektchef NCC Infrastructure.<\/p>\n<p>Byggstart sker i december 2025 och NCC:s arbete ber\u00e4knas vara \u00f6verl\u00e4mnat omkring \u00e5rsskiftet 2026\/2027. Hela projektet ska vara klart 2029.<\/p>\n<p>Aff\u00e4ren har ett orderv\u00e4rde om cirka 60 MSEK som orderregistreras i aff\u00e4rsomr\u00e5de NCC Infrastructure under fj\u00e4rde kvartalet 2025.<\/p>\n<p><strong>F\u00f6r ytterligare information, v\u00e4nligen kontakta:<\/strong><br \/>Anna Arnfeldt, produktionschef, NCC Infrastructure, <a href=\"https:\/\/www.ncc.se\/media\/pressrelease\/2025\/d386596dc2370a28\/mailto:anna.arnfeldt@ncc.se\" rel=\"nofollow noopener\" target=\"_blank\">anna.arnfeldt@ncc.se<\/a><br \/>Niklas Westman, communication partner, NCC Sverige, <a href=\"https:\/\/www.ncc.se\/media\/pressrelease\/2025\/d386596dc2370a28\/mailto:niklas.westman@ncc.se\" rel=\"nofollow noopener\" target=\"_blank\">niklas.westman@ncc.se<\/a><\/p>\n<p>NCC:s presstj\u00e4nst: 08-585 519 00, press@ncc.se, <a href=\"https:\/\/www.ncc.se\/media\/bilder-och-film\/\" rel=\"nofollow noopener\" target=\"_blank\">NCC:s Mediabank<\/a><\/p>\n<p><strong>Om NCC<\/strong>. NCC \u00e4r ett av de ledande byggf\u00f6retagen i Norden. Som expert p\u00e5 att driva komplexa byggprocesser bidrar NCC till byggande som har en positiv inverkan p\u00e5 kunderna och p\u00e5 samh\u00e4llets utveckling i stort. Verksamheten omfattar bygg- och infrastrukturprojekt, produktion av asfalt och stenmaterial samt kommersiell fastighetsutveckling. 2024 omsatte NCC ca 62 miljarder SEK och hade 11 800 anst\u00e4llda. NCC:s aktier \u00e4r noterade p\u00e5 Nasdaq Stockholm.<\/p>\n","protected":false},"excerpt":{"rendered":"Bild: Karstads Energi P\u00e5 uppdrag av Karlstads Energi ska NCC utf\u00f6ra f\u00f6rberedande mark- och grundl\u00e4ggningsarbeten f\u00f6r en ny&hellip;\n","protected":false},"author":2,"featured_media":110790,"comment_status":"","ping_status":"","sticky":false,"template":"","format":"standard","meta":{"footnotes":""},"categories":[65],"tags":[72,70,71,34,31,33,32,30],"class_list":{"0":"post-110789","1":"post","2":"type-post","3":"status-publish","4":"format-standard","5":"has-post-thumbnail","7":"category-ekonomi","8":"tag-business","9":"tag-economy","10":"tag-ekonomi","11":"tag-se","12":"tag-svenska","13":"tag-sverige","14":"tag-sweden","15":"tag-swedish"},"share_on_mastodon":{"url":"https:\/\/pubeurope.com\/@se\/115745025256749162","error":""},"_links":{"self":[{"href":"https:\/\/www.europesays.com\/se\/wp-json\/wp\/v2\/posts\/110789","targetHints":{"allow":["GET"]}}],"collection":[{"href":"https:\/\/www.europesays.com\/se\/wp-json\/wp\/v2\/posts"}],"about":[{"href":"https:\/\/www.europesays.com\/se\/wp-json\/wp\/v2\/types\/post"}],"author":[{"embeddable":true,"href":"https:\/\/www.europesays.com\/se\/wp-json\/wp\/v2\/users\/2"}],"replies":[{"embeddable":true,"href":"https:\/\/www.europesays.com\/se\/wp-json\/wp\/v2\/comments?post=110789"}],"version-history":[{"count":0,"href":"https:\/\/www.europesays.com\/se\/wp-json\/wp\/v2\/posts\/110789\/revisions"}],"wp:featuredmedia":[{"embeddable":true,"href":"https:\/\/www.europesays.com\/se\/wp-json\/wp\/v2\/media\/110790"}],"wp:attachment":[{"href":"https:\/\/www.europesays.com\/se\/wp-json\/wp\/v2\/media?parent=110789"}],"wp:term":[{"taxonomy":"category","embeddable":true,"href":"https:\/\/www.europesays.com\/se\/wp-json\/wp\/v2\/categories?post=110789"},{"taxonomy":"post_tag","embeddable":true,"href":"https:\/\/www.europesays.com\/se\/wp-json\/wp\/v2\/tags?post=110789"}],"curies":[{"name":"wp","href":"https:\/\/api.w.org\/{rel}","templated":true}]}}