{"id":110814,"date":"2025-12-19T07:54:14","date_gmt":"2025-12-19T07:54:14","guid":{"rendered":"https:\/\/www.europesays.com\/se\/110814\/"},"modified":"2025-12-19T07:54:14","modified_gmt":"2025-12-19T07:54:14","slug":"inkomster-fran-prostitution-bor-inte-beskattas","status":"publish","type":"post","link":"https:\/\/www.europesays.com\/se\/110814\/","title":{"rendered":"Inkomster fr\u00e5n prostitution b\u00f6r inte beskattas"},"content":{"rendered":"<p>share-arrowDela<\/p>\n<p>unsaveSpara<\/p>\n<p>expand-left<\/p>\n<p>helsk\u00e4rm<img decoding=\"async\" class=\"image-asset hyperion-css-u06ts1\" data-test-tag=\"image-asset\" src=\"https:\/\/www.europesays.com\/se\/wp-content\/uploads\/2025\/12\/af05009e-b263-40c1-94a1-4fe16f98d356\"  alt=\"Inkomster fr\u00e5n prostitution b\u00f6r inte hamna hos Skatteverket, anser KD. Arkivbild.\"  loading=\"eager\" fetchpriority=\"high\" style=\"aspect-ratio:1900 \/ 1264\"\/>Inkomster fr\u00e5n prostitution b\u00f6r inte hamna hos Skatteverket, anser KD. Arkivbild. Foto: Janerik Henriksson\/TT<\/p>\n<p class=\"hyperion-css-1shl3oz\" data-test-tag=\"lead-text\">Inkomster fr\u00e5n prostitution borde inte beskattas och en lag\u00e4ndring b\u00f6r utredas, anser KD, som d\u00e4rmed g\u00e5r p\u00e5 tv\u00e4rs med regeringskollegorna.<\/p>\n<p class=\"hyperion-css-1v9qo5x\">Alla inkomster en person har \u00e4r skattepliktiga och lagen ger inga undantag f\u00f6r sexuella tj\u00e4nster. Det \u00e4r viktigt att f\u00e5 till en f\u00f6r\u00e4ndring, s\u00e4ger Sara Kullgren, ordf\u00f6rande i KD:s kvinnof\u00f6rbund, till Sveriges Radio Ekot.<\/p>\n<p class=\"hyperion-css-1v9qo5x\">\u2013 Sexhandel \u00e4r en utsatthet och inte ett arbete. Sexhandel \u00e4r ingen och ska inte vara en n\u00e4ringsverksamhet.<\/p>\n<p class=\"hyperion-css-1v9qo5x\">F\u00f6rra \u00e5ret slog regeringen fast att skatten p\u00e5 inkomster fr\u00e5n prostitution skulle bli kvar. KD fattade emellertid nyligen beslut p\u00e5 sitt riksting att verka f\u00f6r en \u00e4ndring.<\/p>\n<p class=\"hyperion-css-1v9qo5x\">\u2013 Det \u00e4r orimligt att staten beskattar f\u00f6r \u00f6vergrepp. Det skulle jag n\u00e4stan se som rena hallickverksamheten och g\u00f6r att staten blir medskyldig till exploatering, s\u00e4ger Sara Kullgren.<\/p>\n","protected":false},"excerpt":{"rendered":"share-arrowDela unsaveSpara expand-left helsk\u00e4rmInkomster fr\u00e5n prostitution b\u00f6r inte hamna hos Skatteverket, anser KD. Arkivbild. Foto: Janerik Henriksson\/TT Inkomster&hellip;\n","protected":false},"author":2,"featured_media":110815,"comment_status":"","ping_status":"","sticky":false,"template":"","format":"standard","meta":{"footnotes":""},"categories":[65],"tags":[72,70,71,34,31,33,32,30],"class_list":{"0":"post-110814","1":"post","2":"type-post","3":"status-publish","4":"format-standard","5":"has-post-thumbnail","7":"category-ekonomi","8":"tag-business","9":"tag-economy","10":"tag-ekonomi","11":"tag-se","12":"tag-svenska","13":"tag-sverige","14":"tag-sweden","15":"tag-swedish"},"share_on_mastodon":{"url":"https:\/\/pubeurope.com\/@se\/115745159158751124","error":""},"_links":{"self":[{"href":"https:\/\/www.europesays.com\/se\/wp-json\/wp\/v2\/posts\/110814","targetHints":{"allow":["GET"]}}],"collection":[{"href":"https:\/\/www.europesays.com\/se\/wp-json\/wp\/v2\/posts"}],"about":[{"href":"https:\/\/www.europesays.com\/se\/wp-json\/wp\/v2\/types\/post"}],"author":[{"embeddable":true,"href":"https:\/\/www.europesays.com\/se\/wp-json\/wp\/v2\/users\/2"}],"replies":[{"embeddable":true,"href":"https:\/\/www.europesays.com\/se\/wp-json\/wp\/v2\/comments?post=110814"}],"version-history":[{"count":0,"href":"https:\/\/www.europesays.com\/se\/wp-json\/wp\/v2\/posts\/110814\/revisions"}],"wp:featuredmedia":[{"embeddable":true,"href":"https:\/\/www.europesays.com\/se\/wp-json\/wp\/v2\/media\/110815"}],"wp:attachment":[{"href":"https:\/\/www.europesays.com\/se\/wp-json\/wp\/v2\/media?parent=110814"}],"wp:term":[{"taxonomy":"category","embeddable":true,"href":"https:\/\/www.europesays.com\/se\/wp-json\/wp\/v2\/categories?post=110814"},{"taxonomy":"post_tag","embeddable":true,"href":"https:\/\/www.europesays.com\/se\/wp-json\/wp\/v2\/tags?post=110814"}],"curies":[{"name":"wp","href":"https:\/\/api.w.org\/{rel}","templated":true}]}}