{"id":110850,"date":"2025-12-19T08:36:09","date_gmt":"2025-12-19T08:36:09","guid":{"rendered":"https:\/\/www.europesays.com\/se\/110850\/"},"modified":"2025-12-19T08:36:09","modified_gmt":"2025-12-19T08:36:09","slug":"regeringen-presenterar-forandringar-av-svenskt-bistand","status":"publish","type":"post","link":"https:\/\/www.europesays.com\/se\/110850\/","title":{"rendered":"Regeringen presenterar f\u00f6r\u00e4ndringar av svenskt bist\u00e5nd"},"content":{"rendered":"<p>Tidigare i december meddelade regeringen att den har beslutat att stoppa l\u00e5ngsiktiga bist\u00e5nd till Tanzania, Mo\u00e7ambique, Zimbabwe, Liberia och Bolivia.<\/p>\n<p>Enligt regeringen grundar sig omprioriteringen till stor del i behovet av ytterligare st\u00f6d till Ukraina.<\/p>\n<p>Vid en presstr\u00e4ff p\u00e5 fredagen presenterar Sveriges bist\u00e5nds- och utrikeshandelsminister Benjamin Dousa (M) ytterligare f\u00f6r\u00e4ndringar av bist\u00e5ndet.<\/p>\n<p>\u2013 Jag vill b\u00f6rja med att s\u00e4ga att beslutet vi har fattat i regeringen inte \u00e4r ett beslut vi har fattat med gl\u00e4dje. Det \u00e4r ett direkt resultat av omv\u00e4rldsl\u00e4get och l\u00e4get vi ser i Ukraina. M\u00e5nga m\u00e4nniskor kommer att ber\u00f6ras och m\u00e5nga insatser och projekt som hj\u00e4lper m\u00e4nniskor runt om v\u00e4rlden kommer att f\u00f6rsvinna, s\u00e4ger Dousa.<\/p>\n<p>Oml\u00e4ggningen som Dousa kallar \u201dden st\u00f6rsta oml\u00e4ggningen av bist\u00e5nd i Sveriges historia\u201d, inneb\u00e4r omprioriteringar p\u00e5 5,5 miljarder kronor j\u00e4mf\u00f6rt med \u00e5rets bist\u00e5ndsbudget.<\/p>\n<p>Det nya beskedet omfattar bland annat bist\u00e5ndsmyndigheten Sida som f\u00e5r se sin budget krympa markant.<\/p>\n<p>\u2013 Fr\u00e5n 22,5 miljarder minskas deras budget till 18,5 miljarder. Sida f\u00e5r n\u00e4stan 20 procent mindre i budget, s\u00e4ger Dousa.<\/p>\n<p>Ut\u00f6ver direkt riktade neddragningar i SIdas anslag f\u00f6r bilaterala utvecklingsbist\u00e5nd i Asien och Afrika p\u00e5 \u00f6ver tv\u00e5 miljarder kronor innefattar oml\u00e4ggningen \u00e4ven myndighetens arbete med tillv\u00e4xtfr\u00e4mjande arbete i l\u00e4nder.<\/p>\n<p>\u2013 Det handlar d\u00e5 om en miljard, eller en minskning i strategin med 50 procent, s\u00e4ger Dousa.<\/p>\n","protected":false},"excerpt":{"rendered":"Tidigare i december meddelade regeringen att den har beslutat att stoppa l\u00e5ngsiktiga bist\u00e5nd till Tanzania, Mo\u00e7ambique, Zimbabwe, Liberia&hellip;\n","protected":false},"author":2,"featured_media":110851,"comment_status":"","ping_status":"","sticky":false,"template":"","format":"standard","meta":{"footnotes":""},"categories":[14],"tags":[22,23,26,27,17,21,24,25,28,29,15,16,18,34,31,33,32,30,19,20,51,52,53,54],"class_list":{"0":"post-110850","1":"post","2":"type-post","3":"status-publish","4":"format-standard","5":"has-post-thumbnail","7":"category-varlden","8":"tag-breaking-news","9":"tag-breakingnews","10":"tag-featured-news","11":"tag-featurednews","12":"tag-headlines","13":"tag-huvudnyheter","14":"tag-latest-news","15":"tag-latestnews","16":"tag-main-news","17":"tag-mainnews","18":"tag-news","19":"tag-nyheter","20":"tag-rubriker","21":"tag-se","22":"tag-svenska","23":"tag-sverige","24":"tag-sweden","25":"tag-swedish","26":"tag-top-stories","27":"tag-topstories","28":"tag-varlden","29":"tag-world","30":"tag-world-news","31":"tag-worldnews"},"share_on_mastodon":{"url":"https:\/\/pubeurope.com\/@se\/115745324039501533","error":""},"_links":{"self":[{"href":"https:\/\/www.europesays.com\/se\/wp-json\/wp\/v2\/posts\/110850","targetHints":{"allow":["GET"]}}],"collection":[{"href":"https:\/\/www.europesays.com\/se\/wp-json\/wp\/v2\/posts"}],"about":[{"href":"https:\/\/www.europesays.com\/se\/wp-json\/wp\/v2\/types\/post"}],"author":[{"embeddable":true,"href":"https:\/\/www.europesays.com\/se\/wp-json\/wp\/v2\/users\/2"}],"replies":[{"embeddable":true,"href":"https:\/\/www.europesays.com\/se\/wp-json\/wp\/v2\/comments?post=110850"}],"version-history":[{"count":0,"href":"https:\/\/www.europesays.com\/se\/wp-json\/wp\/v2\/posts\/110850\/revisions"}],"wp:featuredmedia":[{"embeddable":true,"href":"https:\/\/www.europesays.com\/se\/wp-json\/wp\/v2\/media\/110851"}],"wp:attachment":[{"href":"https:\/\/www.europesays.com\/se\/wp-json\/wp\/v2\/media?parent=110850"}],"wp:term":[{"taxonomy":"category","embeddable":true,"href":"https:\/\/www.europesays.com\/se\/wp-json\/wp\/v2\/categories?post=110850"},{"taxonomy":"post_tag","embeddable":true,"href":"https:\/\/www.europesays.com\/se\/wp-json\/wp\/v2\/tags?post=110850"}],"curies":[{"name":"wp","href":"https:\/\/api.w.org\/{rel}","templated":true}]}}