{"id":110859,"date":"2025-12-19T08:43:10","date_gmt":"2025-12-19T08:43:10","guid":{"rendered":"https:\/\/www.europesays.com\/se\/110859\/"},"modified":"2025-12-19T08:43:10","modified_gmt":"2025-12-19T08:43:10","slug":"region-vasternorrland-projektet-robin-ska-starka-industrin-i-vasternorrland","status":"publish","type":"post","link":"https:\/\/www.europesays.com\/se\/110859\/","title":{"rendered":"Region V\u00e4sternorrland &#8211; Projektet Robin ska st\u00e4rka industrin i V\u00e4sternorrland"},"content":{"rendered":"<p><img decoding=\"async\" src=\"https:\/\/www.europesays.com\/se\/wp-content\/uploads\/2025\/12\/annica-karlsson_webb_2_3.jpg\" alt=\"Annica Karlsson, VD f\u00f6r IUC V\u00e4sternorrland. \" class=\"\"\/>Annica Karlsson, VD f\u00f6r IUC V\u00e4sternorrland och projektledare f\u00f6r nya projektet Robust Industri. &#13;<br \/>\n    &#13;<\/p>\n<p class=\"main-intro\">\n                                                Sm\u00e5 och medelstora industrif\u00f6retag i V\u00e4sternorrland f\u00e5r nu st\u00f6d f\u00f6r att bli b\u00e4ttre rustade mot ov\u00e4ntade h\u00e4ndelser och kriser, genom projektet Robust Industri (ROBIN).\n                                            <\/p>\n<blockquote>\n<p>\u2014 Vi har sett flera kriser som p\u00e5verkat industrin, alltifr\u00e5n coronapandemin och st\u00f6rningar i globala leveranskedjor till geopolitiska konflikter. Vi drar d\u00e4rf\u00f6r i g\u00e5ng arbetet med projektet f\u00f6r att \u00f6ka f\u00f6retagens f\u00f6rm\u00e5ga att st\u00e5 starka \u00e4ven n\u00e4r omv\u00e4rlden f\u00f6r\u00e4ndras snabbt, s\u00e4ger projektledaren Annica Karlsson vid <a href=\"https:\/\/www.iucvasternorrland.se\/\" rel=\"nofollow noopener\" target=\"_blank\">IUC V\u00e4sternorrland<\/a>.<\/p>\n<\/blockquote>\n<p>Inf\u00f6r projektstart genomf\u00f6rdes en analys som visade att m\u00e5nga industrif\u00f6retag inte arbetar systematiskt med beredskap och riskhantering. Det finns ett stort behov av st\u00f6d i arbetet med kontinuitetsplanering, s\u00e5rbarhetsanalyser och l\u00e5ngsiktiga strategier f\u00f6r att st\u00e4rka handlingsf\u00f6rm\u00e5gan och st\u00e5 b\u00e4ttre rustade vid olika typer av st\u00f6rningar.<\/p>\n<p>Kartl\u00e4ggning av risker och s\u00e5rbarheter<\/p>\n<blockquote>\n<p>\u2014 Projektet handlar om att \u00f6ka kunskapen om robusthet och ge f\u00f6retagen st\u00f6d i att arbeta mer strukturerat, med en plan B f\u00f6r verksamhetens kritiska delar. Det skapar trygghet och st\u00e4rker b\u00e5de leveransf\u00f6rm\u00e5ga och konkurrenskraft, \u00e4ven i kriser, ber\u00e4ttar Annica Karlsson.<\/p>\n<\/blockquote>\n<p>En viktig del av projektet \u00e4r att bygga n\u00e4tverk mellan industrif\u00f6retag, myndigheter och andra akt\u00f6rer f\u00f6r att dela erfarenheter och l\u00e4ra av varandra. Genom seminarier, workshopserier och studiebes\u00f6k kan f\u00f6retagen diskutera utmaningar, identifiera s\u00e5rbarheter och hitta gemensamma l\u00f6sningar.<\/p>\n<blockquote>\n<p>\u2014 Vi vill skapa naturliga n\u00e4tverk d\u00e4r f\u00f6retag kan st\u00f6tta varandra i kriser och samarbeta med offentliga akt\u00f6rer f\u00f6r att st\u00e4rka l\u00e4nets motst\u00e5ndskraft, avslutar projektledaren Annica Karlsson.<\/p>\n<\/blockquote>\n<p>Projektet p\u00e5g\u00e5r fram till 2027.<\/p>\n<p>Kickoff<\/p>\n<p>Projektets aktiviteter startar med en kickoff under <a href=\"https:\/\/solleftea.ungapped.io\/Events\/be17ef4b-7298-433b-854c-301873089596\" rel=\"nofollow noopener\" target=\"_blank\">f\u00f6rsvarsentrepren\u00f6rsdagen<\/a> 20 januari i Sollefte\u00e5. Passa p\u00e5 att anm\u00e4la dig innan 6 januari 2026.<\/p>\n<p><a href=\"https:\/\/www.rvn.se\/sv\/utveckla-vasternorrland\/naringslivsutveckling\/pagaende-projekt-naringslivsutveckling\/robust-industri\/\" class=\"bulletLink\" rel=\"nofollow noopener\" target=\"_blank\">Kontaktuppgifter och mer information om projektet Robusti Industri<\/a><\/p>\n<p><img loading=\"lazy\" decoding=\"async\" src=\"https:\/\/www.europesays.com\/se\/wp-content\/uploads\/2025\/12\/logolimpa-finansiarer-robin_550-px.jpg\" alt=\"Logolimpa finansi\u00e4rer ROBIN_550 PX.jpg\" width=\"550\" height=\"52\"\/><\/p>\n<p>&#13;<br \/>\n&#13;<br \/>\n&#13;<br \/>\n&#13;<\/p>\n","protected":false},"excerpt":{"rendered":"Annica Karlsson, VD f\u00f6r IUC V\u00e4sternorrland och projektledare f\u00f6r nya projektet Robust Industri. &#13; &#13; Sm\u00e5 och medelstora&hellip;\n","protected":false},"author":2,"featured_media":110860,"comment_status":"","ping_status":"","sticky":false,"template":"","format":"standard","meta":{"footnotes":""},"categories":[65],"tags":[72,70,71,34,31,33,32,30],"class_list":{"0":"post-110859","1":"post","2":"type-post","3":"status-publish","4":"format-standard","5":"has-post-thumbnail","7":"category-ekonomi","8":"tag-business","9":"tag-economy","10":"tag-ekonomi","11":"tag-se","12":"tag-svenska","13":"tag-sverige","14":"tag-sweden","15":"tag-swedish"},"share_on_mastodon":{"url":"https:\/\/pubeurope.com\/@se\/115745351923860944","error":""},"_links":{"self":[{"href":"https:\/\/www.europesays.com\/se\/wp-json\/wp\/v2\/posts\/110859","targetHints":{"allow":["GET"]}}],"collection":[{"href":"https:\/\/www.europesays.com\/se\/wp-json\/wp\/v2\/posts"}],"about":[{"href":"https:\/\/www.europesays.com\/se\/wp-json\/wp\/v2\/types\/post"}],"author":[{"embeddable":true,"href":"https:\/\/www.europesays.com\/se\/wp-json\/wp\/v2\/users\/2"}],"replies":[{"embeddable":true,"href":"https:\/\/www.europesays.com\/se\/wp-json\/wp\/v2\/comments?post=110859"}],"version-history":[{"count":0,"href":"https:\/\/www.europesays.com\/se\/wp-json\/wp\/v2\/posts\/110859\/revisions"}],"wp:featuredmedia":[{"embeddable":true,"href":"https:\/\/www.europesays.com\/se\/wp-json\/wp\/v2\/media\/110860"}],"wp:attachment":[{"href":"https:\/\/www.europesays.com\/se\/wp-json\/wp\/v2\/media?parent=110859"}],"wp:term":[{"taxonomy":"category","embeddable":true,"href":"https:\/\/www.europesays.com\/se\/wp-json\/wp\/v2\/categories?post=110859"},{"taxonomy":"post_tag","embeddable":true,"href":"https:\/\/www.europesays.com\/se\/wp-json\/wp\/v2\/tags?post=110859"}],"curies":[{"name":"wp","href":"https:\/\/api.w.org\/{rel}","templated":true}]}}