{"id":110870,"date":"2025-12-19T08:51:18","date_gmt":"2025-12-19T08:51:18","guid":{"rendered":"https:\/\/www.europesays.com\/se\/110870\/"},"modified":"2025-12-19T08:51:18","modified_gmt":"2025-12-19T08:51:18","slug":"lucka-19-jarn-tjorns-kommun","status":"publish","type":"post","link":"https:\/\/www.europesays.com\/se\/110870\/","title":{"rendered":"Lucka 19 &#8211; J\u00c4RN &#8211; Tj\u00f6rns kommun"},"content":{"rendered":"<p class=\"hiq-p\">J\u00c4RN \u00e4r ett svenskt dryckesvarum\u00e4rke som skapar premium alkoholfria drycker f\u00f6r vuxna. Med svenska r\u00e5varor, tydliga smaker och ett kompromissl\u00f6st hantverk str\u00e4cker sig sortimentet fr\u00e5n gin och akvavit till f\u00e4rdiga mocktails och \u00f6l. J\u00e4rn finns idag inom restaurang, dagligvaruhandeln och \u00e4ven internationellt, och har bel\u00f6nats med flera internationella utm\u00e4rkelser.<\/p>\n<p class=\"hiq-p\">Grundaren av J\u00c4RN, Christoffer Daal, \u00e4r nykter alkoholist och har l\u00e4nge engagerat sig i fr\u00e5gor om dryckeskultur, ansvar och valfrihet. J\u00c4RN \u00e4r d\u00e4rf\u00f6r inte bara ett f\u00f6retag, utan ocks\u00e5 ett personligt st\u00e4llningstagande: att vuxna, komplexa smaker inte beh\u00f6ver inneh\u00e5lla alkohol. Med r\u00f6tter i musik och litteratur har ber\u00e4ttande, k\u00e4nsla och identitet alltid varit centralt i det Christoffer g\u00f6r \u2013 n\u00e5got som ocks\u00e5 pr\u00e4glar J\u00c4RN.<\/p>\n","protected":false},"excerpt":{"rendered":"J\u00c4RN \u00e4r ett svenskt dryckesvarum\u00e4rke som skapar premium alkoholfria drycker f\u00f6r vuxna. Med svenska r\u00e5varor, tydliga smaker och&hellip;\n","protected":false},"author":2,"featured_media":110871,"comment_status":"","ping_status":"","sticky":false,"template":"","format":"standard","meta":{"footnotes":""},"categories":[65],"tags":[72,70,71,34,31,33,32,30],"class_list":{"0":"post-110870","1":"post","2":"type-post","3":"status-publish","4":"format-standard","5":"has-post-thumbnail","7":"category-ekonomi","8":"tag-business","9":"tag-economy","10":"tag-ekonomi","11":"tag-se","12":"tag-svenska","13":"tag-sverige","14":"tag-sweden","15":"tag-swedish"},"share_on_mastodon":{"url":"https:\/\/pubeurope.com\/@se\/115745383028894113","error":""},"_links":{"self":[{"href":"https:\/\/www.europesays.com\/se\/wp-json\/wp\/v2\/posts\/110870","targetHints":{"allow":["GET"]}}],"collection":[{"href":"https:\/\/www.europesays.com\/se\/wp-json\/wp\/v2\/posts"}],"about":[{"href":"https:\/\/www.europesays.com\/se\/wp-json\/wp\/v2\/types\/post"}],"author":[{"embeddable":true,"href":"https:\/\/www.europesays.com\/se\/wp-json\/wp\/v2\/users\/2"}],"replies":[{"embeddable":true,"href":"https:\/\/www.europesays.com\/se\/wp-json\/wp\/v2\/comments?post=110870"}],"version-history":[{"count":0,"href":"https:\/\/www.europesays.com\/se\/wp-json\/wp\/v2\/posts\/110870\/revisions"}],"wp:featuredmedia":[{"embeddable":true,"href":"https:\/\/www.europesays.com\/se\/wp-json\/wp\/v2\/media\/110871"}],"wp:attachment":[{"href":"https:\/\/www.europesays.com\/se\/wp-json\/wp\/v2\/media?parent=110870"}],"wp:term":[{"taxonomy":"category","embeddable":true,"href":"https:\/\/www.europesays.com\/se\/wp-json\/wp\/v2\/categories?post=110870"},{"taxonomy":"post_tag","embeddable":true,"href":"https:\/\/www.europesays.com\/se\/wp-json\/wp\/v2\/tags?post=110870"}],"curies":[{"name":"wp","href":"https:\/\/api.w.org\/{rel}","templated":true}]}}