{"id":110872,"date":"2025-12-19T08:52:10","date_gmt":"2025-12-19T08:52:10","guid":{"rendered":"https:\/\/www.europesays.com\/se\/110872\/"},"modified":"2025-12-19T08:52:10","modified_gmt":"2025-12-19T08:52:10","slug":"regeringen-minskar-sidas-anslag-med-4-miljarder","status":"publish","type":"post","link":"https:\/\/www.europesays.com\/se\/110872\/","title":{"rendered":"Regeringen minskar Sidas anslag med 4 miljarder"},"content":{"rendered":"<p class=\"boxtextgrotesk-root_baa6 hyperion-css-7pajle\">Uppdaterad 09.34 | Publicerad 09.05<\/p>\n<p>share-arrowDela<\/p>\n<p>unsaveSpara<\/p>\n<p>expand-left<\/p>\n<p>helsk\u00e4rm<img decoding=\"async\" class=\"image-asset hyperion-css-u06ts1\" data-test-tag=\"image-asset\" src=\"https:\/\/www.europesays.com\/se\/wp-content\/uploads\/2025\/12\/c3f75630-4804-4a7a-9715-84be846a27da\"  alt=\"Bist\u00e5nds- och utrikeshandelsminister Benjamin Dousa (M) forts\u00e4tter att l\u00e4gga om svensk bist\u00e5ndspolitik.\"  loading=\"eager\" fetchpriority=\"high\" style=\"aspect-ratio:1900 \/ 1267\"\/>Bist\u00e5nds- och utrikeshandelsminister Benjamin Dousa (M) forts\u00e4tter att l\u00e4gga om svensk bist\u00e5ndspolitik. Foto: Jessica Gow\/TT<\/p>\n<p class=\"hyperion-css-1shl3oz\" data-test-tag=\"lead-text\">Bist\u00e5ndsorganet Sida f\u00e5r drygt fyra miljarder kronor mindre i anslag f\u00f6r 2026.<\/p>\n<p class=\"hyperion-css-1shl3oz\" data-test-tag=\"lead-text\">&#8211; Det \u00e4r inget beslut vi har fattat med stor gl\u00e4dje, s\u00e4ger bist\u00e5nds- och utrikeshandelsminister Benjamin Dousa (M).<\/p>\n<p class=\"hyperion-css-1shl3oz\" data-test-tag=\"lead-text\">Samtidigt f\u00e5r Ukraina ytterligare tv\u00e5 miljarder kronor.<\/p>\n<p class=\"hyperion-css-1v9qo5x\">Regeringens oml\u00e4ggning av den svenska bist\u00e5ndspolitiken forts\u00e4tter. Nedsk\u00e4rningen av <a data-test-tag=\"internal-link\" href=\"https:\/\/www.aftonbladet.se\/tagg\/sida\" class=\"hyperion-css-15jkft9\" rel=\"nofollow noopener\" target=\"\" aria-label=\"Sidas\">Sidas<\/a> anslag f\u00f6rdelas bland annat p\u00e5 bist\u00e5ndet till Asien och Afrika som minskas med 500 miljoner respektive 1,8 miljarder kronor.<\/p>\n<p>En femtedel<\/p>\n<p class=\"hyperion-css-1v9qo5x\">Nedsk\u00e4rningen av Sidas anslag motsvarar 18 procent, n\u00e4stan en femtedel.<\/p>\n<p class=\"hyperion-css-1v9qo5x\">\u2013 M\u00e5nga m\u00e4nniskor kommer att ber\u00f6ras av det vi har fattat beslut om. M\u00e5nga insatser och projekt som hj\u00e4lper m\u00e4nniskor runt om i hela v\u00e4rlden kommer att f\u00f6rsvinna som ett direkt resultat av de beslut vi har fattat, s\u00e4ger Dousa.<\/p>\n<p class=\"hyperion-css-1v9qo5x\">K\u00e4rnst\u00f6det till FN:s utvecklingsprogram, UNDP, som arbetar med l\u00e5ngsiktig global utveckling, kapas fr\u00e5n 516 till 40 miljoner kronor. Dousa framh\u00e5ller att regeringen v\u00e4ljer att prioritera st\u00f6det till humanit\u00e4ra, livr\u00e4ddande insatser.<\/p>\n<p class=\"hyperion-css-1v9qo5x\">\u2013 Det \u00e4r d\u00e4rf\u00f6r vi beh\u00e5ller v\u00e5rt st\u00f6d till UNHCR och World Food Program. Det \u00e4r ofta det som leder till stora flyktingstr\u00f6mmar, att man inte har tillg\u00e5ng till mat, rent vatten, t\u00e4lt och t\u00e4lts\u00e4ngar vilket g\u00f6r att man ger sig ut p\u00e5 ibland farliga flyktv\u00e4gar.<\/p>\n<p class=\"hyperion-css-1v9qo5x\">Dousa konstaterar att anledningen till nedsk\u00e4rningen \u00e4r att det beh\u00f6vs mer resurser \u201dhemma i Sverige\u201d.<\/p>\n<p class=\"hyperion-css-1v9qo5x\">\u2013 Vi har stora problem och beh\u00f6ver f\u00f6rst\u00e4rka kriminalv\u00e5rden, polisen och g\u00f6ra v\u00e4lf\u00e4rdssatsningar, s\u00e4ger han.<\/p>\n<p>Nytt Ukrainast\u00f6d<\/p>\n<p class=\"hyperion-css-1v9qo5x\">Dessutom v\u00e4ljer regeringen att prioritera st\u00f6det till Ukraina. Regeringen har beslutat om en nytt st\u00f6d p\u00e5 2 miljarder kronor.<\/p>\n<p class=\"hyperion-css-1v9qo5x\">St\u00f6det \u00e4r t\u00e4nkt att g\u00e5 direkt till statsapparaten.<\/p>\n<p class=\"hyperion-css-1v9qo5x\">\u201dF\u00f6r att h\u00e5lla samh\u00e4llet ig\u00e5ng \u00e4r statsbudgeten ocks\u00e5 i skriande behov av ytterligare st\u00f6d, eftersom Ukrainas egna skatteint\u00e4kter m\u00e5ste g\u00e5 till f\u00f6rsvaret\u201d, skriver Dousa och f\u00f6retr\u00e4dare f\u00f6r \u00f6vriga tre Tid\u00f6partier i en debattartikel i Altinget.<\/p>\n<p class=\"hyperion-css-1v9qo5x\">Benjamin Dousa har tidigare aviserat den st\u00f6rsta f\u00f6r\u00e4ndringen av bist\u00e5ndet \u201dn\u00e5gonsin i Sveriges historia\u201d. Nyligen kom beskedet att Sverige fasar ut bist\u00e5ndet till Bolivia, Liberia, Mo\u00e7ambique, Tanzania och Zimbabwe.<\/p>\n<p class=\"hyperion-css-1v9qo5x\">Bist\u00e5ndsbudgeten s\u00e4nks fr\u00e5n 56 till 53 miljarder kronor under 2026 och st\u00f6rre fokus l\u00e4ggs p\u00e5 bist\u00e5nd till Ukraina. Enligt Dousa ska st\u00f6det till Ukraina \u00f6ka till minst 10 miljarder kronor.<\/p>\n","protected":false},"excerpt":{"rendered":"Uppdaterad 09.34 | Publicerad 09.05 share-arrowDela unsaveSpara expand-left helsk\u00e4rmBist\u00e5nds- och utrikeshandelsminister Benjamin Dousa (M) forts\u00e4tter att l\u00e4gga om&hellip;\n","protected":false},"author":2,"featured_media":110873,"comment_status":"","ping_status":"","sticky":false,"template":"","format":"standard","meta":{"footnotes":""},"categories":[14],"tags":[22,23,26,27,17,21,24,25,28,29,15,16,18,34,31,33,32,30,19,20,51,52,53,54],"class_list":{"0":"post-110872","1":"post","2":"type-post","3":"status-publish","4":"format-standard","5":"has-post-thumbnail","7":"category-varlden","8":"tag-breaking-news","9":"tag-breakingnews","10":"tag-featured-news","11":"tag-featurednews","12":"tag-headlines","13":"tag-huvudnyheter","14":"tag-latest-news","15":"tag-latestnews","16":"tag-main-news","17":"tag-mainnews","18":"tag-news","19":"tag-nyheter","20":"tag-rubriker","21":"tag-se","22":"tag-svenska","23":"tag-sverige","24":"tag-sweden","25":"tag-swedish","26":"tag-top-stories","27":"tag-topstories","28":"tag-varlden","29":"tag-world","30":"tag-world-news","31":"tag-worldnews"},"share_on_mastodon":{"url":"https:\/\/pubeurope.com\/@se\/115745387023486704","error":""},"_links":{"self":[{"href":"https:\/\/www.europesays.com\/se\/wp-json\/wp\/v2\/posts\/110872","targetHints":{"allow":["GET"]}}],"collection":[{"href":"https:\/\/www.europesays.com\/se\/wp-json\/wp\/v2\/posts"}],"about":[{"href":"https:\/\/www.europesays.com\/se\/wp-json\/wp\/v2\/types\/post"}],"author":[{"embeddable":true,"href":"https:\/\/www.europesays.com\/se\/wp-json\/wp\/v2\/users\/2"}],"replies":[{"embeddable":true,"href":"https:\/\/www.europesays.com\/se\/wp-json\/wp\/v2\/comments?post=110872"}],"version-history":[{"count":0,"href":"https:\/\/www.europesays.com\/se\/wp-json\/wp\/v2\/posts\/110872\/revisions"}],"wp:featuredmedia":[{"embeddable":true,"href":"https:\/\/www.europesays.com\/se\/wp-json\/wp\/v2\/media\/110873"}],"wp:attachment":[{"href":"https:\/\/www.europesays.com\/se\/wp-json\/wp\/v2\/media?parent=110872"}],"wp:term":[{"taxonomy":"category","embeddable":true,"href":"https:\/\/www.europesays.com\/se\/wp-json\/wp\/v2\/categories?post=110872"},{"taxonomy":"post_tag","embeddable":true,"href":"https:\/\/www.europesays.com\/se\/wp-json\/wp\/v2\/tags?post=110872"}],"curies":[{"name":"wp","href":"https:\/\/api.w.org\/{rel}","templated":true}]}}