{"id":110880,"date":"2025-12-19T08:57:14","date_gmt":"2025-12-19T08:57:14","guid":{"rendered":"https:\/\/www.europesays.com\/se\/110880\/"},"modified":"2025-12-19T08:57:14","modified_gmt":"2025-12-19T08:57:14","slug":"kumla-en-del-av-openart-links-sommaren-2026","status":"publish","type":"post","link":"https:\/\/www.europesays.com\/se\/110880\/","title":{"rendered":"Kumla en del av OPENART LINKS sommaren 2026"},"content":{"rendered":"<p>\n          Pressmeddelande &#8211;<br \/>\n19 December 2025 09:48<\/p>\n<p>    Dela<\/p>\n<p>\n          L\u00e4nk kopierad!\n        <\/p>\n<p>          <a class=\"ghost-btn-with-icon svg-stroke\" rel=\"nofollow noopener\" aria-label=\"Ladda ned som PDF\" href=\"https:\/\/www.mynewsdesk.com\/se\/kumla_kommun\/pressreleases\/kumla-en-del-av-openart-links-sommaren-2026-3421387.pdf\" target=\"_blank\"><\/p>\n<p>            Ladda ner<br \/>\n<\/a>      <\/p>\n<p>OPENART tar steget utanf\u00f6r \u00d6rebro! Sommaren 2026 sprids samtidskonsten till hela l\u00e4net genom projektet OPENART LINKS, ett samarbete mellan OpenArt, Region \u00d6rebro l\u00e4n och fem kommuner. Under utst\u00e4llningsperioden 13 juni\u20136 september 2026 kommer konstverk att placeras p\u00e5 utvalda platser i Askersund, Kumla, Lax\u00e5, Lindesberg och Nora.<\/p>\n<p>Kumla Kommun \u00e4r en av de medverkande kommunerna och satsar p\u00e5 att skapa en unik konstupplevelse i stadsparken. Ett nytt permanent konstverk kommer att presenteras \u2013 skapat av konstn\u00e4ren Alexander Creutz, k\u00e4nd f\u00f6r sitt m\u00e5leri, som nu kommer att arbeta med det tredimensionella.<\/p>\n<p>\u2013 Vi \u00e4r j\u00e4tteglada att f\u00e5 presentera ett helt nytt permanent konstverk till sommaren. Creutz \u00e4r ju en fantastisk m\u00e5lare, s\u00e5 det ska bli sp\u00e4nnande att se hur han tar sig an ett tredimensionellt verk den h\u00e4r g\u00e5ngen. Och hela satsningen med OPENART LINKS k\u00e4nns s\u00e5 lovande \u2013 den kan verkligen ge konstlivet i regionen en rej\u00e4l skjuts, s\u00e4ger Martina Sild\u00e9n, kultursekreterare p\u00e5 Kumla kommun.<\/p>\n<p>OPENART har sedan 2008 f\u00f6rvandlat \u00d6rebros stadsk\u00e4rna till en m\u00f6tesplats f\u00f6r samtidskonst. Den tionde upplagan av utst\u00e4llningen firas med att bjuda in fler kommuner och skapa nya m\u00f6tesplatser, ov\u00e4ntade upplevelser och fler anledningar att uppt\u00e4cka regionen. OPENART LINKS finansieras av Region \u00d6rebro l\u00e4n och de medverkande kommunerna.<\/p>\n<p>Mer information om OPENART LINKS, konstn\u00e4ren Alexander Creutz och invigningen av verket: <a href=\"http:\/\/www.visitkumla.se\/openartlinks\" target=\"_blank\" rel=\"nofollow noopener\">www.visitkumla.se\/openartlinks<\/a> <\/p>\n","protected":false},"excerpt":{"rendered":"Pressmeddelande &#8211; 19 December 2025 09:48 Dela L\u00e4nk kopierad! Ladda ner OPENART tar steget utanf\u00f6r \u00d6rebro! Sommaren 2026&hellip;\n","protected":false},"author":2,"featured_media":110881,"comment_status":"","ping_status":"","sticky":false,"template":"","format":"standard","meta":{"footnotes":""},"categories":[67],"tags":[104,902,12258,34,31,33,32,30,105,12256,12257],"class_list":{"0":"post-110880","1":"post","2":"type-post","3":"status-publish","4":"format-standard","5":"has-post-thumbnail","7":"category-underhallning","8":"tag-entertainment","9":"tag-konst","10":"tag-kumla-stadspark","11":"tag-se","12":"tag-svenska","13":"tag-sverige","14":"tag-sweden","15":"tag-swedish","16":"tag-underhallning","17":"tag-uppleva-och-gora","18":"tag-visitkumla"},"share_on_mastodon":{"url":"https:\/\/pubeurope.com\/@se\/115745406566516940","error":""},"_links":{"self":[{"href":"https:\/\/www.europesays.com\/se\/wp-json\/wp\/v2\/posts\/110880","targetHints":{"allow":["GET"]}}],"collection":[{"href":"https:\/\/www.europesays.com\/se\/wp-json\/wp\/v2\/posts"}],"about":[{"href":"https:\/\/www.europesays.com\/se\/wp-json\/wp\/v2\/types\/post"}],"author":[{"embeddable":true,"href":"https:\/\/www.europesays.com\/se\/wp-json\/wp\/v2\/users\/2"}],"replies":[{"embeddable":true,"href":"https:\/\/www.europesays.com\/se\/wp-json\/wp\/v2\/comments?post=110880"}],"version-history":[{"count":0,"href":"https:\/\/www.europesays.com\/se\/wp-json\/wp\/v2\/posts\/110880\/revisions"}],"wp:featuredmedia":[{"embeddable":true,"href":"https:\/\/www.europesays.com\/se\/wp-json\/wp\/v2\/media\/110881"}],"wp:attachment":[{"href":"https:\/\/www.europesays.com\/se\/wp-json\/wp\/v2\/media?parent=110880"}],"wp:term":[{"taxonomy":"category","embeddable":true,"href":"https:\/\/www.europesays.com\/se\/wp-json\/wp\/v2\/categories?post=110880"},{"taxonomy":"post_tag","embeddable":true,"href":"https:\/\/www.europesays.com\/se\/wp-json\/wp\/v2\/tags?post=110880"}],"curies":[{"name":"wp","href":"https:\/\/api.w.org\/{rel}","templated":true}]}}