{"id":110906,"date":"2025-12-19T09:30:09","date_gmt":"2025-12-19T09:30:09","guid":{"rendered":"https:\/\/www.europesays.com\/se\/110906\/"},"modified":"2025-12-19T09:30:09","modified_gmt":"2025-12-19T09:30:09","slug":"ordningsvakter-starker-tryggheten-i-lerum","status":"publish","type":"post","link":"https:\/\/www.europesays.com\/se\/110906\/","title":{"rendered":"Ordningsvakter st\u00e4rker tryggheten i Lerum"},"content":{"rendered":"<p class=\"normal\">Att s\u00e4kerst\u00e4lla ett systematiskt arbete f\u00f6r \u00f6kad trygghet, st\u00e4rkt s\u00e4kerhet och god krisberedskap i Lerums kommun \u00e4r ett prioriterat omr\u00e5de f\u00f6r kommunstyrelsen.<\/p>\n<blockquote class=\"env-blockquote\">\n<p class=\"normal\">Nu infrias ett vall\u00f6fte. F\u00f6r f\u00f6rsta g\u00e5ngen s\u00e4tter Lerums kommun in ordningsvakter i centrala Lerum. Det \u00e4r en tydlig brottsf\u00f6rebyggande \u00e5tg\u00e4rd f\u00f6r att forts\u00e4tta vara en av Sveriges tryggaste kommuner, s\u00e4ger Viktor Lundblad (M), kommunstyrelsens ordf\u00f6rande.<\/p>\n<\/blockquote>\n<p class=\"normal\">Kommunen har tecknat avtal med bevakningsf\u00f6retaget Q Security f\u00f6r att ytterligare st\u00e4rka tryggheten i centrum.<\/p>\n<blockquote class=\"env-blockquote\">\n<p class=\"normal\">P\u00e5 kommunens uppdrag kommer vi att patrullera till fots p\u00e5 redan tillst\u00e5ndsgivna omr\u00e5den i Lerums centrum, inklusive Derg\u00e5rdsomr\u00e5det, Torpskolan och parkeringshuset vid Stationsv\u00e4gen. V\u00e5rt uppdrag handlar inte enbart om ordningsh\u00e5llning, utan \u00e4ven om service. Vi hj\u00e4lper g\u00e4rna inv\u00e5nare att hitta r\u00e4tt och finns till f\u00f6r Lerumsborna, s\u00e4ger Jan Forsberg, kvalificerad gruppledare p\u00e5 Q Security.<\/p>\n<\/blockquote>\n<p class=\"normal\">Insatsen kompletterar den etablerade platssamverkan med Solkattens k\u00f6pcentrum, som anlitar v\u00e4ktare under jul- och ny\u00e5rshandeln.<\/p>\n<p class=\"normal\">Ordningsvakterna inleder sitt uppdrag fredag den 19 december och kompletterar de v\u00e4ktare som kommunen sedan l\u00e4nge anlitar \u00e5ret runt. Till skillnad fr\u00e5n v\u00e4ktare har ordningsvakter ut\u00f6kade befogenheter och ett n\u00e4rmare samarbete med polisen.<\/p>\n<p class=\"normal\">Fram\u00f6ver kan ordningsvakter s\u00e4ttas in n\u00e4r kommunen bed\u00f6mer att behov finns, exempelvis under lov och riskhelger. Insatsen kommer att utv\u00e4rderas efter ny\u00e5r.<\/p>\n<blockquote class=\"env-blockquote\">\n<p class=\"normal\">Om behov uppst\u00e5r kan ordningsvakter \u00e4ven s\u00e4ttas in i Floda, Stenkullen och Gr\u00e5bo. Samtidigt \u00e4r det viktigt att understryka att Lerum \u00e4r en trygg kommun. Detta \u00e4r ett steg f\u00f6r att ytterligare st\u00e4rka tryggheten f\u00f6r Lerumsborna, s\u00e4ger Anders Hult\u00e9n, kommunens s\u00e4kerhetschef.<\/p>\n<\/blockquote>\n<p class=\"normal\">Det h\u00e4r \u00e4r en del av Lerums kommuns arbete med Agenda 2030.<\/p>\n","protected":false},"excerpt":{"rendered":"Att s\u00e4kerst\u00e4lla ett systematiskt arbete f\u00f6r \u00f6kad trygghet, st\u00e4rkt s\u00e4kerhet och god krisberedskap i Lerums kommun \u00e4r ett&hellip;\n","protected":false},"author":2,"featured_media":110907,"comment_status":"","ping_status":"","sticky":false,"template":"","format":"standard","meta":{"footnotes":""},"categories":[12],"tags":[22,23,26,27,17,21,24,25,28,29,15,16,12259,18,34,31,33,32,30,19,20],"class_list":{"0":"post-110906","1":"post","2":"type-post","3":"status-publish","4":"format-standard","5":"has-post-thumbnail","7":"category-sverige","8":"tag-breaking-news","9":"tag-breakingnews","10":"tag-featured-news","11":"tag-featurednews","12":"tag-headlines","13":"tag-huvudnyheter","14":"tag-latest-news","15":"tag-latestnews","16":"tag-main-news","17":"tag-mainnews","18":"tag-news","19":"tag-nyheter","20":"tag-ordningsvakter-trygghet","21":"tag-rubriker","22":"tag-se","23":"tag-svenska","24":"tag-sverige","25":"tag-sweden","26":"tag-swedish","27":"tag-top-stories","28":"tag-topstories"},"share_on_mastodon":{"url":"https:\/\/pubeurope.com\/@se\/115745536346804283","error":""},"_links":{"self":[{"href":"https:\/\/www.europesays.com\/se\/wp-json\/wp\/v2\/posts\/110906","targetHints":{"allow":["GET"]}}],"collection":[{"href":"https:\/\/www.europesays.com\/se\/wp-json\/wp\/v2\/posts"}],"about":[{"href":"https:\/\/www.europesays.com\/se\/wp-json\/wp\/v2\/types\/post"}],"author":[{"embeddable":true,"href":"https:\/\/www.europesays.com\/se\/wp-json\/wp\/v2\/users\/2"}],"replies":[{"embeddable":true,"href":"https:\/\/www.europesays.com\/se\/wp-json\/wp\/v2\/comments?post=110906"}],"version-history":[{"count":0,"href":"https:\/\/www.europesays.com\/se\/wp-json\/wp\/v2\/posts\/110906\/revisions"}],"wp:featuredmedia":[{"embeddable":true,"href":"https:\/\/www.europesays.com\/se\/wp-json\/wp\/v2\/media\/110907"}],"wp:attachment":[{"href":"https:\/\/www.europesays.com\/se\/wp-json\/wp\/v2\/media?parent=110906"}],"wp:term":[{"taxonomy":"category","embeddable":true,"href":"https:\/\/www.europesays.com\/se\/wp-json\/wp\/v2\/categories?post=110906"},{"taxonomy":"post_tag","embeddable":true,"href":"https:\/\/www.europesays.com\/se\/wp-json\/wp\/v2\/tags?post=110906"}],"curies":[{"name":"wp","href":"https:\/\/api.w.org\/{rel}","templated":true}]}}