{"id":110922,"date":"2025-12-19T09:54:11","date_gmt":"2025-12-19T09:54:11","guid":{"rendered":"https:\/\/www.europesays.com\/se\/110922\/"},"modified":"2025-12-19T09:54:11","modified_gmt":"2025-12-19T09:54:11","slug":"efter-dodsmisshandeln-av-lucas-hd-hojer-skadestandet","status":"publish","type":"post","link":"https:\/\/www.europesays.com\/se\/110922\/","title":{"rendered":"Efter d\u00f6dsmisshandeln av Lucas \u2013 HD h\u00f6jer skadest\u00e5ndet"},"content":{"rendered":"<p class=\"text\">Lucas Atrak, 16, fr\u00e5n Saltsj\u00f6baden d\u00f6dades i V\u00e4rmd\u00f6 2023. En pojke som var 15 \u00e5r vid h\u00e4ndelsen friades f\u00f6r mord i <a target=\"_blank\" rel=\"noopener nofollow\" href=\"https:\/\/www.mitti.se\/nyheter\/lucas-16-dodades--pojke-doms-till-overvakning-ett-han-6.3.215317.0bb9799008\">b\u00e5de tingsr\u00e4tten<\/a> och <a target=\"_blank\" rel=\"noopener nofollow\" href=\"https:\/\/www.mitti.se\/nyheter\/16aring-frias-fran-mord-pa-lucas-atrak-6.3.229376.d88e05e823\">hovr\u00e4tten<\/a> \u2013\u00a0men d\u00f6mdes f\u00f6r grov misshandel. H\u00f6gsta domstolen sl\u00e5r fast att det inte ska avg\u00f6ra hur mycket Lucas Atraks anh\u00f6riga har lidit. D\u00e4rf\u00f6r f\u00e5r f\u00f6r\u00e4ldrarna och hans b\u00e5da systrar tillsammans r\u00e4tt till n\u00e4rmare 200\u00a0000 kronor ytterligare i ers\u00e4ttning \u2013\u00a0drygt 650 000 kronor totalt.<\/p>\n<p class=\"text\">\u2013\u00a0Han var v\u00e5rt ljus \u2013\u00a0kanske kan han nu sprida lite ljus till dem som \u00e4r tvungna att g\u00e5 igenom det vi har g\u00e5tt igenom, s\u00e4ger hans mamma \u00c5sa Lindstr\u00f6m.<\/p>\n<p class=\"text\">Texten uppdateras&#8230;<\/p>\n","protected":false},"excerpt":{"rendered":"Lucas Atrak, 16, fr\u00e5n Saltsj\u00f6baden d\u00f6dades i V\u00e4rmd\u00f6 2023. En pojke som var 15 \u00e5r vid h\u00e4ndelsen friades&hellip;\n","protected":false},"author":2,"featured_media":110923,"comment_status":"","ping_status":"","sticky":false,"template":"","format":"standard","meta":{"footnotes":""},"categories":[14],"tags":[22,23,26,27,17,21,24,25,28,29,15,16,18,34,31,33,32,30,19,20,51,52,53,54],"class_list":{"0":"post-110922","1":"post","2":"type-post","3":"status-publish","4":"format-standard","5":"has-post-thumbnail","7":"category-varlden","8":"tag-breaking-news","9":"tag-breakingnews","10":"tag-featured-news","11":"tag-featurednews","12":"tag-headlines","13":"tag-huvudnyheter","14":"tag-latest-news","15":"tag-latestnews","16":"tag-main-news","17":"tag-mainnews","18":"tag-news","19":"tag-nyheter","20":"tag-rubriker","21":"tag-se","22":"tag-svenska","23":"tag-sverige","24":"tag-sweden","25":"tag-swedish","26":"tag-top-stories","27":"tag-topstories","28":"tag-varlden","29":"tag-world","30":"tag-world-news","31":"tag-worldnews"},"share_on_mastodon":{"url":"https:\/\/pubeurope.com\/@se\/115745630762587300","error":""},"_links":{"self":[{"href":"https:\/\/www.europesays.com\/se\/wp-json\/wp\/v2\/posts\/110922","targetHints":{"allow":["GET"]}}],"collection":[{"href":"https:\/\/www.europesays.com\/se\/wp-json\/wp\/v2\/posts"}],"about":[{"href":"https:\/\/www.europesays.com\/se\/wp-json\/wp\/v2\/types\/post"}],"author":[{"embeddable":true,"href":"https:\/\/www.europesays.com\/se\/wp-json\/wp\/v2\/users\/2"}],"replies":[{"embeddable":true,"href":"https:\/\/www.europesays.com\/se\/wp-json\/wp\/v2\/comments?post=110922"}],"version-history":[{"count":0,"href":"https:\/\/www.europesays.com\/se\/wp-json\/wp\/v2\/posts\/110922\/revisions"}],"wp:featuredmedia":[{"embeddable":true,"href":"https:\/\/www.europesays.com\/se\/wp-json\/wp\/v2\/media\/110923"}],"wp:attachment":[{"href":"https:\/\/www.europesays.com\/se\/wp-json\/wp\/v2\/media?parent=110922"}],"wp:term":[{"taxonomy":"category","embeddable":true,"href":"https:\/\/www.europesays.com\/se\/wp-json\/wp\/v2\/categories?post=110922"},{"taxonomy":"post_tag","embeddable":true,"href":"https:\/\/www.europesays.com\/se\/wp-json\/wp\/v2\/tags?post=110922"}],"curies":[{"name":"wp","href":"https:\/\/api.w.org\/{rel}","templated":true}]}}