{"id":110924,"date":"2025-12-19T09:55:18","date_gmt":"2025-12-19T09:55:18","guid":{"rendered":"https:\/\/www.europesays.com\/se\/110924\/"},"modified":"2025-12-19T09:55:18","modified_gmt":"2025-12-19T09:55:18","slug":"kommentar-till-arbetsmiljoverkets-synpunkter-pa-handelsen-i-harmanger","status":"publish","type":"post","link":"https:\/\/www.europesays.com\/se\/110924\/","title":{"rendered":"Kommentar till Arbetsmilj\u00f6verkets synpunkter p\u00e5 h\u00e4ndelsen i Harm\u00e5nger"},"content":{"rendered":"<p>Arbetsmilj\u00f6verket konstaterar att Region G\u00e4vleborg har etablerade strukturer f\u00f6r arbetsmilj\u00f6arbete, men att utredningen av den aktuella h\u00e4ndelsen beh\u00f6ver f\u00f6rdjupas.<\/p>\n<p>\u2013 Vi har tagit del av deras synpunkter och ska \u00e5terkoppla till dem. N\u00e4r beslutet kommer och v\u00e5r egen utredning \u00e4r klar, \u00e5terkommer vi med vilka \u00e5tg\u00e4rder som \u00e4r viktiga f\u00f6r att trygga v\u00e5ra medarbetares arbetsmilj\u00f6, s\u00e4ger Martin Andersson, h\u00e4lso- och sjukv\u00e5rdsdirekt\u00f6r.<\/p>\n<p><strong>Se tidigare nyhet:<\/strong> <a title=\"Varf\u00f6r Region G\u00e4vleborg inte uttalar sig om h\u00e4ndelsen i Harm\u00e5nger\" href=\"https:\/\/www.regiongavleborg.se\/nyheter\/varfor-region-gavleborg-inte-uttalar-sig-om-handelsen-i-harmanger\/\" rel=\"nofollow noopener\" target=\"_blank\">Varf\u00f6r Region G\u00e4vleborg inte uttalar sig om h\u00e4ndelsen i Harm\u00e5nger<\/a><\/p>\n","protected":false},"excerpt":{"rendered":"Arbetsmilj\u00f6verket konstaterar att Region G\u00e4vleborg har etablerade strukturer f\u00f6r arbetsmilj\u00f6arbete, men att utredningen av den aktuella h\u00e4ndelsen beh\u00f6ver&hellip;\n","protected":false},"author":2,"featured_media":16204,"comment_status":"","ping_status":"","sticky":false,"template":"","format":"standard","meta":{"footnotes":""},"categories":[12],"tags":[22,23,26,27,17,21,24,25,28,29,15,16,18,34,31,33,32,30,19,20],"class_list":{"0":"post-110924","1":"post","2":"type-post","3":"status-publish","4":"format-standard","5":"has-post-thumbnail","7":"category-sverige","8":"tag-breaking-news","9":"tag-breakingnews","10":"tag-featured-news","11":"tag-featurednews","12":"tag-headlines","13":"tag-huvudnyheter","14":"tag-latest-news","15":"tag-latestnews","16":"tag-main-news","17":"tag-mainnews","18":"tag-news","19":"tag-nyheter","20":"tag-rubriker","21":"tag-se","22":"tag-svenska","23":"tag-sverige","24":"tag-sweden","25":"tag-swedish","26":"tag-top-stories","27":"tag-topstories"},"share_on_mastodon":{"url":"https:\/\/pubeurope.com\/@se\/115745634773763475","error":""},"_links":{"self":[{"href":"https:\/\/www.europesays.com\/se\/wp-json\/wp\/v2\/posts\/110924","targetHints":{"allow":["GET"]}}],"collection":[{"href":"https:\/\/www.europesays.com\/se\/wp-json\/wp\/v2\/posts"}],"about":[{"href":"https:\/\/www.europesays.com\/se\/wp-json\/wp\/v2\/types\/post"}],"author":[{"embeddable":true,"href":"https:\/\/www.europesays.com\/se\/wp-json\/wp\/v2\/users\/2"}],"replies":[{"embeddable":true,"href":"https:\/\/www.europesays.com\/se\/wp-json\/wp\/v2\/comments?post=110924"}],"version-history":[{"count":0,"href":"https:\/\/www.europesays.com\/se\/wp-json\/wp\/v2\/posts\/110924\/revisions"}],"wp:featuredmedia":[{"embeddable":true,"href":"https:\/\/www.europesays.com\/se\/wp-json\/wp\/v2\/media\/16204"}],"wp:attachment":[{"href":"https:\/\/www.europesays.com\/se\/wp-json\/wp\/v2\/media?parent=110924"}],"wp:term":[{"taxonomy":"category","embeddable":true,"href":"https:\/\/www.europesays.com\/se\/wp-json\/wp\/v2\/categories?post=110924"},{"taxonomy":"post_tag","embeddable":true,"href":"https:\/\/www.europesays.com\/se\/wp-json\/wp\/v2\/tags?post=110924"}],"curies":[{"name":"wp","href":"https:\/\/api.w.org\/{rel}","templated":true}]}}