{"id":110927,"date":"2025-12-19T10:03:13","date_gmt":"2025-12-19T10:03:13","guid":{"rendered":"https:\/\/www.europesays.com\/se\/110927\/"},"modified":"2025-12-19T10:03:13","modified_gmt":"2025-12-19T10:03:13","slug":"massiva-protester-mot-okad-mediekontroll-i-litauen","status":"publish","type":"post","link":"https:\/\/www.europesays.com\/se\/110927\/","title":{"rendered":"Massiva protester mot \u00f6kad mediekontroll i Litauen"},"content":{"rendered":"<p>Tiotusentals personer har protesterat i Litauen mot f\u00f6reslagna \u00e4ndringar som skulle \u00f6ka den politiska kontrollen \u00f6ver landets public service-bolag LRT, rapporterar Politico Europe.<\/p>\n<p>Litauens parlament fattade den 9 december ett beslut om att g\u00f6ra det enklare f\u00f6r politiker att avs\u00e4tta LRT:s ledning. Trots omfattande kritik och dagar av demonstrationer forts\u00e4tter regeringen med \u00e4ndringarna. En slutgiltig omr\u00f6stning v\u00e4ntas i b\u00f6rjan av n\u00e4sta \u00e5r, skriver Meduza.<\/p>\n<p>Kritiker menar enligt LRT att \u00e4ndringarna \u00e4r skr\u00e4ddarsydda f\u00f6r att f\u00e5 bort den nuvarande public service-chefen Monika Garbaciauskaite-Budriene. Regeringen h\u00e4vdar \u00e5 sin sida att \u00e5tg\u00e4rderna \u00e4r ett svar p\u00e5 en utredning som visar p\u00e5 stora brister inom f\u00f6retaget.<\/p>\n<p>Omni \u00e4r politiskt obundna och oberoende. Vi str\u00e4var efter att ge fler perspektiv p\u00e5 nyheterna. Har du fr\u00e5gor eller synpunkter kring v\u00e5r rapportering? <a href=\"https:\/\/omni.se\/massiva-protester-mot-okad-mediekontroll-i-litauen\/a\/mailto:redaktion@omni.se\" class=\"ArticleActions_contactLink__W2F1M\" rel=\"nofollow noopener\" target=\"_blank\">Kontakta redaktionen<\/a><\/p>\n","protected":false},"excerpt":{"rendered":"Tiotusentals personer har protesterat i Litauen mot f\u00f6reslagna \u00e4ndringar som skulle \u00f6ka den politiska kontrollen \u00f6ver landets public&hellip;\n","protected":false},"author":2,"featured_media":110928,"comment_status":"","ping_status":"","sticky":false,"template":"","format":"standard","meta":{"footnotes":""},"categories":[14],"tags":[22,23,267,26,27,17,21,865,24,25,2456,28,29,732,15,16,18,34,31,33,32,30,19,20,51,52,53,54],"class_list":{"0":"post-110927","1":"post","2":"type-post","3":"status-publish","4":"format-standard","5":"has-post-thumbnail","7":"category-varlden","8":"tag-breaking-news","9":"tag-breakingnews","10":"tag-europa","11":"tag-featured-news","12":"tag-featurednews","13":"tag-headlines","14":"tag-huvudnyheter","15":"tag-journalistik","16":"tag-latest-news","17":"tag-latestnews","18":"tag-litauen","19":"tag-main-news","20":"tag-mainnews","21":"tag-media-reklam","22":"tag-news","23":"tag-nyheter","24":"tag-rubriker","25":"tag-se","26":"tag-svenska","27":"tag-sverige","28":"tag-sweden","29":"tag-swedish","30":"tag-top-stories","31":"tag-topstories","32":"tag-varlden","33":"tag-world","34":"tag-world-news","35":"tag-worldnews"},"share_on_mastodon":{"url":"https:\/\/pubeurope.com\/@se\/115745666052394974","error":""},"_links":{"self":[{"href":"https:\/\/www.europesays.com\/se\/wp-json\/wp\/v2\/posts\/110927","targetHints":{"allow":["GET"]}}],"collection":[{"href":"https:\/\/www.europesays.com\/se\/wp-json\/wp\/v2\/posts"}],"about":[{"href":"https:\/\/www.europesays.com\/se\/wp-json\/wp\/v2\/types\/post"}],"author":[{"embeddable":true,"href":"https:\/\/www.europesays.com\/se\/wp-json\/wp\/v2\/users\/2"}],"replies":[{"embeddable":true,"href":"https:\/\/www.europesays.com\/se\/wp-json\/wp\/v2\/comments?post=110927"}],"version-history":[{"count":0,"href":"https:\/\/www.europesays.com\/se\/wp-json\/wp\/v2\/posts\/110927\/revisions"}],"wp:featuredmedia":[{"embeddable":true,"href":"https:\/\/www.europesays.com\/se\/wp-json\/wp\/v2\/media\/110928"}],"wp:attachment":[{"href":"https:\/\/www.europesays.com\/se\/wp-json\/wp\/v2\/media?parent=110927"}],"wp:term":[{"taxonomy":"category","embeddable":true,"href":"https:\/\/www.europesays.com\/se\/wp-json\/wp\/v2\/categories?post=110927"},{"taxonomy":"post_tag","embeddable":true,"href":"https:\/\/www.europesays.com\/se\/wp-json\/wp\/v2\/tags?post=110927"}],"curies":[{"name":"wp","href":"https:\/\/api.w.org\/{rel}","templated":true}]}}