{"id":110931,"date":"2025-12-19T10:07:58","date_gmt":"2025-12-19T10:07:58","guid":{"rendered":"https:\/\/www.europesays.com\/se\/110931\/"},"modified":"2025-12-19T10:07:58","modified_gmt":"2025-12-19T10:07:58","slug":"kronika-det-brukar-bli-harda-besked-i-benjamin-dousas-julpaket","status":"publish","type":"post","link":"https:\/\/www.europesays.com\/se\/110931\/","title":{"rendered":"KR\u00d6NIKA: Det brukar bli h\u00e5rda besked i Benjamin Dousas julpaket"},"content":{"rendered":"<p>Jag har m\u00e5nga g\u00e5nger fr\u00e5gat mig vad regeringen definierar som Sveriges intressen, men det b\u00f6rjar bli mer och mer uppenbart.<\/p>\n<p>Peru har i \u00e5r beslutat att k\u00f6pa 24 Jas Gripen-plan i en aff\u00e4r som uppges vara v\u00e4rd omkring 33 miljarder kronor. I praktiken v\u00e4ger stridsflygplan och goda relationer med vapenf\u00f6retaget Saab tyngre \u00e4n utvecklingssamarbete som r\u00e4ddar liv och kan f\u00f6rebygga konflikt.<\/p>\n<p><strong>Handel i all \u00e4ra<\/strong>, men vapenaff\u00e4rer \u00e4r inte vilken handel med vilken vara som helt och ska absolut inte f\u00e5 avg\u00f6ra var Sverige v\u00e4ljer att ha diplomatisk n\u00e4rvaro och representation.<\/p>\n<p>Samtidigt pumpas skattemiljarder in i milit\u00e4r upprustning, ofta till kostnader som vida \u00f6verstiger planerna. Dessa satsningar motiveras med avskr\u00e4ckning, vars effekt s\u00e4llan beh\u00f6ver redovisas.<\/p>\n<p>Investeringar i konfliktf\u00f6rebyggande arbete, i att st\u00e4rka m\u00e4nsklig s\u00e4kerhet och adressera grundorsaker till v\u00e5ld, \u00e4r d\u00e4remot b\u00e5de m\u00e4tbara och bevisat effektiva\u00a0<strong>\u2013\u00a0<\/strong>och just s\u00e5dant som bist\u00e5nd kan bidra till.<\/p>\n<p><strong>Jag menar att ett gener\u00f6st bist\u00e5nd<\/strong>\u00a0i allra h\u00f6gsta grad \u00e4r i Sveriges intresse och strategiskt viktigt f\u00f6r v\u00e5r s\u00e4kerhet. Bist\u00e5ndet \u00e4r ett effektivt verktyg f\u00f6r att bidra till att minska lidande, f\u00f6rebygga konflikter och bygga l\u00e5ngsiktig fred. Det \u00e4r avg\u00f6rande f\u00f6r m\u00e4nniskor som lever i utsatthet men ocks\u00e5 f\u00f6r oss.<\/p>\n<p>I en v\u00e4rld pr\u00e4glad av krig, klimatkris och \u00f6kande oj\u00e4mlikhet \u00e4r bist\u00e5nd inte v\u00e4lg\u00f6renhet, utan en investering i s\u00e4kerhet, demokrati, m\u00e4nskliga r\u00e4ttigheter och en regelbaserad v\u00e4rldsordning\u00a0<strong>\u2013<\/strong>\u00a0de v\u00e4rderingar Sverige s\u00e4ger sig st\u00e5 f\u00f6r.<\/p>\n<p><strong>En annan central l\u00e4rdom fr\u00e5n bist\u00e5ndet\u00a0<\/strong>\u00e4r vikten av konfliktk\u00e4nslighet, det som ofta kallas \u201dDo No Harm\u201d.<\/p>\n<p>N\u00e4r jag arbetade i norra Uganda med f\u00f6re detta barnsoldater som tvingats beg\u00e5 fruktansv\u00e4rda brott var det avg\u00f6rande att inte gynna en grupp p\u00e5 bekostnad av andra. Hela samh\u00e4llet m\u00e5ste inkluderas f\u00f6r att \u00e5terintegreringen ska fungera. Annars riskerar insatserna att skapa nya konflikter, snarare \u00e4n att l\u00f6sa gamla.<\/p>\n<p>Att g\u00f6ra dessa bed\u00f6mningar har varit centralt i de flesta av Sidas insatser, inte bara i l\u00e4nder med v\u00e4pnad konflikt utan i alla sammanhang d\u00e4r Sida verkar.<\/p>\n<p><strong>\u201dDo no harm\u201d borde g\u00e4lla l\u00e5ngt utanf\u00f6r bist\u00e5ndets v\u00e4rld.\u00a0<\/strong>Politik som delar upp m\u00e4nniskor, gynnar vissa grupper och avhumaniserar andra riskerar att splittra samh\u00e4llen.<\/p>\n<p>Politik och f\u00f6rslag som f\u00f6rsv\u00e5rar integration eller ers\u00e4tter permanenta uppeh\u00e5llstillst\u00e5nd med tillf\u00e4lliga h\u00e4r i Sverige \u00e4r tydliga exempel. Det \u00e4r inte bara jag som menar att detta \u00e4r f\u00f6r\u00f6dande f\u00f6r ett samh\u00e4lle, kritiken mot dessa f\u00f6rslag \u00e4r massiv fr\u00e5n samtliga remissinstanser.<\/p>\n<p><strong>Inf\u00f6r jul brukar det inte bli b\u00e4ttre.\u00a0<\/strong>I freds- och bist\u00e5ndssektorn har det n\u00e4stan blivit en o\u00f6nskad tradition med d\u00e5liga besked fr\u00e5n regeringen just d\u00e5.<\/p>\n<p>H\u00e4rom \u00e5ret kom beskedet om att det 100-\u00e5riga st\u00f6det till Sveriges fredsorganisationer avvecklades och f\u00f6rra \u00e5ret kapades st\u00f6det till UNRWA.<\/p>\n<p>Mycket talar f\u00f6r att vi \u00e4ven i \u00e5r st\u00e5r inf\u00f6r nya besked om \u00e4nnu h\u00e5rdare tag\u00a0i migrationspolitiken eller att fler l\u00e4nders utvecklingsbist\u00e5nd ska avvecklas s\u00e5 h\u00e4r till jul.<\/p>\n<p>Precis i juletid 2025 k\u00e4nns flyktingpojken fr\u00e5n Palestinas ord \u201cSannerligen, vad ni har gjort f\u00f6r n\u00e5gon av dessa minsta \u2026 det har ni gjort f\u00f6r mig\u201d l\u00e4ngre bort \u00e4n n\u00e5gonsin.<\/p>\n<p>Kr\u00f6nikan \u00e4r skriven av Kerstin Berge\u00e5, Svenska Freds ordf\u00f6rande, som frist\u00e5ende kr\u00f6nik\u00f6r p\u00e5 dalademokraten.se<\/p>\n","protected":false},"excerpt":{"rendered":"Jag har m\u00e5nga g\u00e5nger fr\u00e5gat mig vad regeringen definierar som Sveriges intressen, men det b\u00f6rjar bli mer och&hellip;\n","protected":false},"author":2,"featured_media":28900,"comment_status":"","ping_status":"","sticky":false,"template":"","format":"standard","meta":{"footnotes":""},"categories":[5],"tags":[22,23,26,27,17,21,24,25,28,29,15,16,18,34,31,33,32,30,19,20],"class_list":{"0":"post-110931","1":"post","2":"type-post","3":"status-publish","4":"format-standard","5":"has-post-thumbnail","7":"category-rubriker","8":"tag-breaking-news","9":"tag-breakingnews","10":"tag-featured-news","11":"tag-featurednews","12":"tag-headlines","13":"tag-huvudnyheter","14":"tag-latest-news","15":"tag-latestnews","16":"tag-main-news","17":"tag-mainnews","18":"tag-news","19":"tag-nyheter","20":"tag-rubriker","21":"tag-se","22":"tag-svenska","23":"tag-sverige","24":"tag-sweden","25":"tag-swedish","26":"tag-top-stories","27":"tag-topstories"},"share_on_mastodon":{"url":"https:\/\/pubeurope.com\/@se\/115745685667466066","error":""},"_links":{"self":[{"href":"https:\/\/www.europesays.com\/se\/wp-json\/wp\/v2\/posts\/110931","targetHints":{"allow":["GET"]}}],"collection":[{"href":"https:\/\/www.europesays.com\/se\/wp-json\/wp\/v2\/posts"}],"about":[{"href":"https:\/\/www.europesays.com\/se\/wp-json\/wp\/v2\/types\/post"}],"author":[{"embeddable":true,"href":"https:\/\/www.europesays.com\/se\/wp-json\/wp\/v2\/users\/2"}],"replies":[{"embeddable":true,"href":"https:\/\/www.europesays.com\/se\/wp-json\/wp\/v2\/comments?post=110931"}],"version-history":[{"count":0,"href":"https:\/\/www.europesays.com\/se\/wp-json\/wp\/v2\/posts\/110931\/revisions"}],"wp:featuredmedia":[{"embeddable":true,"href":"https:\/\/www.europesays.com\/se\/wp-json\/wp\/v2\/media\/28900"}],"wp:attachment":[{"href":"https:\/\/www.europesays.com\/se\/wp-json\/wp\/v2\/media?parent=110931"}],"wp:term":[{"taxonomy":"category","embeddable":true,"href":"https:\/\/www.europesays.com\/se\/wp-json\/wp\/v2\/categories?post=110931"},{"taxonomy":"post_tag","embeddable":true,"href":"https:\/\/www.europesays.com\/se\/wp-json\/wp\/v2\/tags?post=110931"}],"curies":[{"name":"wp","href":"https:\/\/api.w.org\/{rel}","templated":true}]}}