{"id":110936,"date":"2025-12-19T10:20:46","date_gmt":"2025-12-19T10:20:46","guid":{"rendered":"https:\/\/www.europesays.com\/se\/110936\/"},"modified":"2025-12-19T10:20:46","modified_gmt":"2025-12-19T10:20:46","slug":"misstankta-mordaren-claudio-neves-valente-hittad-dod","status":"publish","type":"post","link":"https:\/\/www.europesays.com\/se\/110936\/","title":{"rendered":"Misst\u00e4nkta m\u00f6rdaren Claudio Neves Valente hittad d\u00f6d"},"content":{"rendered":"<p>Publicerad 19 dec 2025 kl 04.50Uppdaterad kl 05.52<\/p>\n<p>13 december m\u00f6rdades tv\u00e5 personer och nio skadades i en masskjutning p\u00e5 Brown University.<\/p>\n<p>Tv\u00e5 dagar senare m\u00f6rdades MIT-professorn Nuno Loureiro i sitt hem.<\/p>\n<p>Den misst\u00e4nkta m\u00f6rdaren Claudio Neves Valente hittades d\u00f6d natten till fredagen.<\/p>\n<p>Senaste nyhetsklippen fr\u00e5n Expressen.<img   alt=\"\"\/><\/p>\n<p>Den misst\u00e4nkta m\u00f6rdaren hittades d\u00f6d i Salem.<\/p>\n<p>Foto: KYLE MAZZA\/ SHUTTERSTOCK EDITORIAL\/ IBL<\/p>\n<p>\u00d6ppna bild i helsk\u00e4rm<img loading=\"lazy\"   alt=\"\"\/><\/p>\n<p>Tv\u00e5 personer, Ella Cook, 19, och Mukhammad Aziz Umurzokov, 18, m\u00f6rdades p\u00e5 Brown University.<\/p>\n<p>Foto: KYLE MAZZA\/NURPHOTO\/SHUTTERSTOCK \/ SHUTTERSTOCK EDITORIAL\/IBL<\/p>\n<p>\u00d6ppna bild i helsk\u00e4rm<img loading=\"lazy\"   alt=\"\"\/><\/p>\n<p>Ella Cook m\u00f6rdades p\u00e5 elituniversitetet.<\/p>\n<p>\u00d6ppna bild i helsk\u00e4rm<img loading=\"lazy\"   alt=\"\"\/><\/p>\n<p>Nuno Loureiro m\u00f6rdades i sitt hem.<\/p>\n<p>Foto: JAKE BELCHER \/ AP\/ TT<\/p>\n<p>\u00d6ppna bild i helsk\u00e4rm<\/p>\n<p>Mannen som misst\u00e4nkts f\u00f6r skjutningen vid Brown University i l\u00f6rdags tog sitt eget liv natten mot fredagen. Han misst\u00e4nks \u00e4ven f\u00f6r mordet p\u00e5 professorn Nuno Loureiro, 47, som hittades ihj\u00e4lskjuten i sitt hem tv\u00e5 dagar senare, uppger Leah B Foley, federal \u00e5klagare i <a href=\"https:\/\/www.expressen.se\/tagg\/location\/massachusetts\/\" class=\"\" rel=\"nofollow noopener\" target=\"_blank\">Massachusetts<\/a>, p\u00e5 en presstr\u00e4ff.\u00a0<\/p>\n<p>Efter n\u00e5gra sv\u00e5rarbetade f\u00f6rsta dagar fick polisen pl\u00f6tsligt en \u00f6ppning. P\u00e5 en presstr\u00e4ff ber\u00e4ttar utredarna om hur en person kom till den lokala polisen med information som blev helt avg\u00f6rande f\u00f6r forts\u00e4ttningen.<\/p>\n<p>\u2013 Den personen ledde oss till bilen, som ledde oss till namnet, som ledde oss till fotografierna av personen n\u00e4r han hyrde bilen \u2013 bilder som st\u00e4mde \u00f6verens med kl\u00e4dseln p\u00e5 skytten och med den v\u00e4ska vi sett, s\u00e4ger Rhode Islands federala \u00e5klagare Peter Neronha.<\/p>\n<p>Studerade med professorn<\/p>\n<p>Bilen hittades \u00f6vergiven i Salem, New Hampshire, d\u00e4r FBI under natten genomf\u00f6rde en husrannsakan i ett f\u00f6rr\u00e5d. D\u00e4r hittades den misst\u00e4nkta, 48-\u00e5riga portugisiska medborgaren Claudio Neves Valente, d\u00f6d. Han hittades tillsammans med tv\u00e5 skjutvapen och misst\u00e4nks ha tagit sitt eget liv.\u00a0<\/p>\n<p>Neves Valente studerade fysik p\u00e5 Brown University i b\u00f6rjan av 2000-talet och undervisningen bedrevs i samma lokaler som han pl\u00f6tsligt \u00f6ppnade eld i f\u00f6rra helgen. Enligt \u00e5klagaren Leah Foley studerade Neves Valente \u00e4ven fysik p\u00e5 samma universitet i Lissabon som Nuno Loureiro.<\/p>\n<p>I skjutningen p\u00e5 Brown University d\u00f6dades Ella Cook, 19, och Mukhammad Aziz Umurzokov, 18.<\/p>\n","protected":false},"excerpt":{"rendered":"Publicerad 19 dec 2025 kl 04.50Uppdaterad kl 05.52 13 december m\u00f6rdades tv\u00e5 personer och nio skadades i en&hellip;\n","protected":false},"author":2,"featured_media":110937,"comment_status":"","ping_status":"","sticky":false,"template":"","format":"standard","meta":{"footnotes":""},"categories":[5],"tags":[22,23,26,27,17,21,24,25,12260,28,29,15,16,18,34,55,31,33,32,30,19,436,20],"class_list":{"0":"post-110936","1":"post","2":"type-post","3":"status-publish","4":"format-standard","5":"has-post-thumbnail","7":"category-rubriker","8":"tag-breaking-news","9":"tag-breakingnews","10":"tag-featured-news","11":"tag-featurednews","12":"tag-headlines","13":"tag-huvudnyheter","14":"tag-latest-news","15":"tag-latestnews","16":"tag-location-massachusetts","17":"tag-main-news","18":"tag-mainnews","19":"tag-news","20":"tag-nyheter","21":"tag-rubriker","22":"tag-se","23":"tag-sections-varlden","24":"tag-svenska","25":"tag-sverige","26":"tag-sweden","27":"tag-swedish","28":"tag-top-stories","29":"tag-topic-valdsbrott-mord","30":"tag-topstories"},"share_on_mastodon":{"url":"https:\/\/pubeurope.com\/@se\/115745732941084957","error":""},"_links":{"self":[{"href":"https:\/\/www.europesays.com\/se\/wp-json\/wp\/v2\/posts\/110936","targetHints":{"allow":["GET"]}}],"collection":[{"href":"https:\/\/www.europesays.com\/se\/wp-json\/wp\/v2\/posts"}],"about":[{"href":"https:\/\/www.europesays.com\/se\/wp-json\/wp\/v2\/types\/post"}],"author":[{"embeddable":true,"href":"https:\/\/www.europesays.com\/se\/wp-json\/wp\/v2\/users\/2"}],"replies":[{"embeddable":true,"href":"https:\/\/www.europesays.com\/se\/wp-json\/wp\/v2\/comments?post=110936"}],"version-history":[{"count":0,"href":"https:\/\/www.europesays.com\/se\/wp-json\/wp\/v2\/posts\/110936\/revisions"}],"wp:featuredmedia":[{"embeddable":true,"href":"https:\/\/www.europesays.com\/se\/wp-json\/wp\/v2\/media\/110937"}],"wp:attachment":[{"href":"https:\/\/www.europesays.com\/se\/wp-json\/wp\/v2\/media?parent=110936"}],"wp:term":[{"taxonomy":"category","embeddable":true,"href":"https:\/\/www.europesays.com\/se\/wp-json\/wp\/v2\/categories?post=110936"},{"taxonomy":"post_tag","embeddable":true,"href":"https:\/\/www.europesays.com\/se\/wp-json\/wp\/v2\/tags?post=110936"}],"curies":[{"name":"wp","href":"https:\/\/api.w.org\/{rel}","templated":true}]}}