{"id":110942,"date":"2025-12-19T10:24:14","date_gmt":"2025-12-19T10:24:14","guid":{"rendered":"https:\/\/www.europesays.com\/se\/110942\/"},"modified":"2025-12-19T10:24:14","modified_gmt":"2025-12-19T10:24:14","slug":"alex-warren-har-fatt-pris-for-arets-artistgenombrott-pa-tiktok","status":"publish","type":"post","link":"https:\/\/www.europesays.com\/se\/110942\/","title":{"rendered":"Alex Warren har f\u00e5tt pris f\u00f6r \u00e5rets artistgenombrott p\u00e5 Tiktok"},"content":{"rendered":"<p class=\"boxtextgrotesk-root_baa6 hyperion-css-7pajle\">Uppdaterad 10.44 | Publicerad 08.20<\/p>\n<p>share-arrowDela<\/p>\n<p>unsaveSpara<\/p>\n<p>expand-left<\/p>\n<p>helsk\u00e4rm<img decoding=\"async\" class=\"image-asset hyperion-css-u06ts1\" data-test-tag=\"image-asset\" src=\"https:\/\/www.europesays.com\/se\/wp-content\/uploads\/2025\/12\/402d9470-44f8-4cb4-9ce8-beb511f978d1.jpeg\"  alt=\"Alex Warren skapar inte enbart musik \u2013 han g\u00f6r \u00e4ven klipp med komiskt inneh\u00e5ll p\u00e5 sociala medier.\"  loading=\"eager\" fetchpriority=\"high\" style=\"aspect-ratio:1900 \/ 1357\"\/>Alex Warren skapar inte enbart musik \u2013 han g\u00f6r \u00e4ven klipp med komiskt inneh\u00e5ll p\u00e5 sociala medier. Foto: Taylor Jewell\/Invision\/AP\/TT<\/p>\n<p class=\"hyperion-css-1shl3oz\" data-test-tag=\"lead-text\">Artisten och l\u00e5tskrivaren Alex Warren har f\u00e5tt pris f\u00f6r \u00e5rets artistgenombrott p\u00e5 Tiktok.<\/p>\n<p class=\"hyperion-css-1v9qo5x\">Tiktok-galan \u00e4gde rum i Los Angeles under torsdagen. Artisten och textf\u00f6rfattaren. Andra nominerade artister inom samma kategori var <strong>Katseye, Laufey, Ravyn Lenae<\/strong> och <strong>Sombr.<\/strong><\/p>\n<p class=\"hyperion-css-1v9qo5x\">Amerikanen<strong> Warren<\/strong> har toppat v\u00e4rldens hitlistor i \u00e5r med l\u00e5ten \u201dOrdinary\u201d.<\/p>\n<p class=\"hyperion-css-1v9qo5x\">Priset \u00e4r inte det f\u00f6rsta i \u00e5r f\u00f6r artisten, i september vann Warren pris f\u00f6r b\u00e4sta nya artist under MTV Video Music Awards. Han har \u00e4ven chans att ta hem en Grammy i februari n\u00e4sta \u00e5r.<\/p>\n","protected":false},"excerpt":{"rendered":"Uppdaterad 10.44 | Publicerad 08.20 share-arrowDela unsaveSpara expand-left helsk\u00e4rmAlex Warren skapar inte enbart musik \u2013 han g\u00f6r \u00e4ven&hellip;\n","protected":false},"author":2,"featured_media":110794,"comment_status":"","ping_status":"","sticky":false,"template":"","format":"standard","meta":{"footnotes":""},"categories":[67],"tags":[104,34,31,33,32,30,105],"class_list":{"0":"post-110942","1":"post","2":"type-post","3":"status-publish","4":"format-standard","5":"has-post-thumbnail","7":"category-underhallning","8":"tag-entertainment","9":"tag-se","10":"tag-svenska","11":"tag-sverige","12":"tag-sweden","13":"tag-swedish","14":"tag-underhallning"},"share_on_mastodon":{"url":"https:\/\/pubeurope.com\/@se\/115745748783470580","error":""},"_links":{"self":[{"href":"https:\/\/www.europesays.com\/se\/wp-json\/wp\/v2\/posts\/110942","targetHints":{"allow":["GET"]}}],"collection":[{"href":"https:\/\/www.europesays.com\/se\/wp-json\/wp\/v2\/posts"}],"about":[{"href":"https:\/\/www.europesays.com\/se\/wp-json\/wp\/v2\/types\/post"}],"author":[{"embeddable":true,"href":"https:\/\/www.europesays.com\/se\/wp-json\/wp\/v2\/users\/2"}],"replies":[{"embeddable":true,"href":"https:\/\/www.europesays.com\/se\/wp-json\/wp\/v2\/comments?post=110942"}],"version-history":[{"count":0,"href":"https:\/\/www.europesays.com\/se\/wp-json\/wp\/v2\/posts\/110942\/revisions"}],"wp:featuredmedia":[{"embeddable":true,"href":"https:\/\/www.europesays.com\/se\/wp-json\/wp\/v2\/media\/110794"}],"wp:attachment":[{"href":"https:\/\/www.europesays.com\/se\/wp-json\/wp\/v2\/media?parent=110942"}],"wp:term":[{"taxonomy":"category","embeddable":true,"href":"https:\/\/www.europesays.com\/se\/wp-json\/wp\/v2\/categories?post=110942"},{"taxonomy":"post_tag","embeddable":true,"href":"https:\/\/www.europesays.com\/se\/wp-json\/wp\/v2\/tags?post=110942"}],"curies":[{"name":"wp","href":"https:\/\/api.w.org\/{rel}","templated":true}]}}