{"id":110943,"date":"2025-12-19T10:26:13","date_gmt":"2025-12-19T10:26:13","guid":{"rendered":"https:\/\/www.europesays.com\/se\/110943\/"},"modified":"2025-12-19T10:26:13","modified_gmt":"2025-12-19T10:26:13","slug":"sa-blir-pensionen-nasta-ar-hojning-for-manga","status":"publish","type":"post","link":"https:\/\/www.europesays.com\/se\/110943\/","title":{"rendered":"S\u00e5 blir pensionen n\u00e4sta \u00e5r \u2013 h\u00f6jning f\u00f6r m\u00e5nga"},"content":{"rendered":"<p>Den totala pensionen \u2013 det vill s\u00e4ga den allm\u00e4nna pensionen, bostadstill\u00e4gg och tj\u00e4nstepensionen samt de skattef\u00f6r\u00e4ndringar som p\u00e5verkar den \u2013 blir f\u00f6r de allra flesta h\u00f6gre 2026.<\/p>\n<p>Inkomst- och till\u00e4ggspensionen, som f\u00f6r\u00e4ndras utifr\u00e5n inkomstutvecklingen i Sverige, h\u00f6js f\u00f6r de flesta med 159 till 401 kronor f\u00f6re skatt. Men flera faktorer spelar in och h\u00f6jningens storlek skiljer sig fr\u00e5n person till person.<\/p>\n","protected":false},"excerpt":{"rendered":"Den totala pensionen \u2013 det vill s\u00e4ga den allm\u00e4nna pensionen, bostadstill\u00e4gg och tj\u00e4nstepensionen samt de skattef\u00f6r\u00e4ndringar som p\u00e5verkar&hellip;\n","protected":false},"author":2,"featured_media":110944,"comment_status":"","ping_status":"","sticky":false,"template":"","format":"standard","meta":{"footnotes":""},"categories":[65],"tags":[72,70,71,34,31,33,32,30],"class_list":{"0":"post-110943","1":"post","2":"type-post","3":"status-publish","4":"format-standard","5":"has-post-thumbnail","7":"category-ekonomi","8":"tag-business","9":"tag-economy","10":"tag-ekonomi","11":"tag-se","12":"tag-svenska","13":"tag-sverige","14":"tag-sweden","15":"tag-swedish"},"share_on_mastodon":{"url":"https:\/\/pubeurope.com\/@se\/115745756495191169","error":""},"_links":{"self":[{"href":"https:\/\/www.europesays.com\/se\/wp-json\/wp\/v2\/posts\/110943","targetHints":{"allow":["GET"]}}],"collection":[{"href":"https:\/\/www.europesays.com\/se\/wp-json\/wp\/v2\/posts"}],"about":[{"href":"https:\/\/www.europesays.com\/se\/wp-json\/wp\/v2\/types\/post"}],"author":[{"embeddable":true,"href":"https:\/\/www.europesays.com\/se\/wp-json\/wp\/v2\/users\/2"}],"replies":[{"embeddable":true,"href":"https:\/\/www.europesays.com\/se\/wp-json\/wp\/v2\/comments?post=110943"}],"version-history":[{"count":0,"href":"https:\/\/www.europesays.com\/se\/wp-json\/wp\/v2\/posts\/110943\/revisions"}],"wp:featuredmedia":[{"embeddable":true,"href":"https:\/\/www.europesays.com\/se\/wp-json\/wp\/v2\/media\/110944"}],"wp:attachment":[{"href":"https:\/\/www.europesays.com\/se\/wp-json\/wp\/v2\/media?parent=110943"}],"wp:term":[{"taxonomy":"category","embeddable":true,"href":"https:\/\/www.europesays.com\/se\/wp-json\/wp\/v2\/categories?post=110943"},{"taxonomy":"post_tag","embeddable":true,"href":"https:\/\/www.europesays.com\/se\/wp-json\/wp\/v2\/tags?post=110943"}],"curies":[{"name":"wp","href":"https:\/\/api.w.org\/{rel}","templated":true}]}}