{"id":110946,"date":"2025-12-19T10:29:22","date_gmt":"2025-12-19T10:29:22","guid":{"rendered":"https:\/\/www.europesays.com\/se\/110946\/"},"modified":"2025-12-19T10:29:22","modified_gmt":"2025-12-19T10:29:22","slug":"gunes-besked-annu-ett-fiasko-i-palmeutredningen","status":"publish","type":"post","link":"https:\/\/www.europesays.com\/se\/110946\/","title":{"rendered":"Gun\u00e9s besked \u2013 \u00e4nnu ett fiasko i Palmeutredningen"},"content":{"rendered":"<p>share-arrowDela<\/p>\n<p>unsaveSpara<\/p>\n<p class=\"hyperion-css-1v9qo5x\"><strong>Det borde inte<\/strong> vara m\u00f6jligt att Sveriges st\u00f6rsta och s\u00e4mst sk\u00f6tta f\u00f6runders\u00f6kning drabbas av \u00e4nnu ett fiasko.<\/p>\n<p class=\"hyperion-css-1v9qo5x\">Men i dag h\u00f6ll \u00e4nnu en \u00e5klagare \u00e4nnu en presskonferens om mordet p\u00e5 <a data-test-tag=\"internal-link\" href=\"https:\/\/www.aftonbladet.se\/tagg\/olof-palme\" class=\"hyperion-css-15jkft9\" rel=\"nofollow noopener\" target=\"\" aria-label=\"Olof Palme\">Olof Palme<\/a> och det senaste budet \u00e4r att det var fel att peka ut Skandiamannen som misst\u00e4nkt. <\/p>\n<p class=\"hyperion-css-1v9qo5x\">Lennart Gun\u00e9 heter han, \u00f6ver\u00e5klagaren som under eftermiddagen talade till tidningar, radio och tv i en stor konferenssal i centrala <a data-test-tag=\"internal-link\" href=\"https:\/\/www.aftonbladet.se\/lokala-nyheter\/stockholm\" class=\"hyperion-css-15jkft9\" rel=\"nofollow noopener\" target=\"\" aria-label=\"Stockholm\">Stockholm<\/a>.<\/p>\n<p class=\"hyperion-css-1v9qo5x\">S\u00e5 vitt jag f\u00f6rst\u00e5r har denne \u00e5klagare g\u00e5tt grundligt tillv\u00e4ga. En beg\u00e4ran om att \u00e5teruppta den nedlagda Palmeutredningen inkom f\u00f6r n\u00e5gra m\u00e5nader sedan, vilket fick honom att kavla upp skjort\u00e4rmarna och b\u00f6rja jobba. <\/p>\n<p>expand-left<\/p>\n<p>helsk\u00e4rm<img decoding=\"async\" class=\"image-asset hyperion-css-u06ts1\" data-test-tag=\"image-asset\" src=\"https:\/\/www.europesays.com\/se\/wp-content\/uploads\/2025\/12\/f2ef5cb5-a950-49b9-b13d-71b6991d6283\"  alt=\"Lennart Gun\u00e9, \u00f6ver\u00e5klagare.\"  loading=\"eager\" fetchpriority=\"high\" style=\"aspect-ratio:1900 \/ 1267\"\/>Lennart Gun\u00e9, \u00f6ver\u00e5klagare. Foto: Jerker Ivarsson<\/p>\n<p class=\"hyperion-css-1v9qo5x\">Tanken var att se om det med ny dna-teknik gick att f\u00e5 fram bevis genom att ta prover fr\u00e5n Palmes rock.<\/p>\n<p class=\"hyperion-css-1v9qo5x\">Men, f\u00f6rklarade \u00f6ver\u00e5klagare Gun\u00e9 i en mikrofon, detta gick inte att g\u00f6ra med mindre \u00e4n att f\u00f6runders\u00f6kningen \u00e5terupptas. <\/p>\n<p class=\"hyperion-css-1v9qo5x\">Och eftersom en annan \u00e5klagare pekat ut Skandiamannen som misst\u00e4nkt m\u00f6rdare s\u00e5 fanns inte r\u00e4ttsliga f\u00f6ruts\u00e4ttningar f\u00f6r att sparka liv i polisutredningen igen.<\/p>\n<p class=\"hyperion-css-1v9qo5x\">L\u00e5t mig s\u00e5 h\u00e4r l\u00e5ngt i ber\u00e4ttelsen f\u00e5 vandra nerf\u00f6r minnenas all\u00e9 och stanna till vid en hyfsat varm dag i juni 2020. <\/p>\n<p class=\"hyperion-css-1v9qo5x\">En \u00e5klagare vid namn <a data-test-tag=\"internal-link\" href=\"https:\/\/www.aftonbladet.se\/tagg\/krister-petersson\" class=\"hyperion-css-15jkft9\" rel=\"nofollow noopener\" target=\"\" aria-label=\"Krister Petersson\">Krister Petersson<\/a> hade i tv n\u00e5gra m\u00e5nader tidigare n\u00e4rmast utlovat en l\u00f6sning p\u00e5 mordet och en hel nation f\u00f6ljde den presskonferens som \u00e4ntligen skulle h\u00e5llas. <\/p>\n<p>expand-left<\/p>\n<p>helsk\u00e4rm<img decoding=\"async\" class=\"image-asset hyperion-css-17favcb\" data-test-tag=\"image-asset\" src=\"https:\/\/www.europesays.com\/se\/wp-content\/uploads\/2025\/12\/1766140161_430_b013ca5e-34c3-412f-85e2-fe72bd3e0a7b\"  alt=\"Spaningsledare Hans Melander och chefs\u00e5klagare Krister Petersson.\"  loading=\"eager\" fetchpriority=\"high\" style=\"aspect-ratio:1142 \/ 738\"\/>Spaningsledare Hans Melander och chefs\u00e5klagare Krister Petersson. Foto: Thomas Carlgren \/ \u00c5klagarmyndigheten<\/p>\n<p class=\"hyperion-css-1v9qo5x\"><strong>Skandiamannen pekades ut,<\/strong> men den starka bevisningen visade sig inte vara mer \u00e4n n\u00e5gra indicier som inte hade h\u00e5llit f\u00f6r \u00e5tal, \u00e4n mindre f\u00f6r f\u00e4llande dom. <\/p>\n<p class=\"hyperion-css-1v9qo5x\">Men \u00e5klagare Petersson hade hittat sin m\u00f6rdare och kunde d\u00e4rf\u00f6r med gott samvete l\u00e4gga ner f\u00f6runders\u00f6kningen. <\/p>\n<p class=\"hyperion-css-1v9qo5x\">Experter och l\u00f6sa tyckare var rasande, argast var i vanlig ordning GW, f\u00e5 var n\u00f6jda. <\/p>\n<p class=\"hyperion-css-1v9qo5x\">Och nu, strax f\u00f6re julen 2025, 39 \u00e5r efter mordet, stod allts\u00e5 en annan \u00e5klagare och sa att han hade granskat bevisningen mot den utpekade mannen och kommit fram till n\u00e5gonting som de flesta redan insett, n\u00e4mligen att det inte r\u00e4cker.<\/p>\n<p class=\"hyperion-css-1v9qo5x\">Det l\u00e4t lovande. Men hur blev det d\u00e5 med analysen av Palmes rock? Hittades bevis?<\/p>\n<p class=\"hyperion-css-1v9qo5x\">Nix. Det var s\u00e5 hoppl\u00f6st m\u00e5nga som hade fingrat p\u00e5 den. Vittnen till mordet som f\u00f6rs\u00f6kte r\u00e4dda statsministerns liv, bl\u00e5ljuspersonal, tekniker vid polisen i Sverige och Tyskland, kanske rent av m\u00e4nniskor som \u00e5kte i samma tunnelbanevagn som makarna Palme den d\u00e4r februarikv\u00e4llen 1986. <\/p>\n<p class=\"hyperion-css-1v9qo5x\">Sannolikheten att hitta m\u00f6rdarens dna \u00e4r mycket liten, och f\u00f6r \u00f6vrigt finns ingen misst\u00e4nkt i livet som det g\u00e5r att j\u00e4mf\u00f6ra ett eventuellt fynd med. <\/p>\n<p class=\"hyperion-css-1v9qo5x\">S\u00e5 \u00e5klagare Gun\u00e9 tar inte upp f\u00f6runders\u00f6kningen igen. <\/p>\n<p class=\"hyperion-css-1v9qo5x\"><strong>Under de snart <\/strong>40 \u00e5r som har g\u00e5tt sedan skotten ekade \u00f6ver Sveav\u00e4gen har en h\u00e5rt pr\u00f6vad nation tvingats st\u00e5 ut med rubriker om ministrar som avg\u00e5tt och polischefer och \u00e5klagare som sparkats och tillsatts och n\u00e4r vi trodde att botten var n\u00e5dd avsl\u00f6jades en hemlig utredning i utredningen.<\/p>\n<p class=\"hyperion-css-1v9qo5x\">Till det l\u00e4ggs allts\u00e5 ett nytt misslyckande, l\u00e5t vara med en splitterny motivering:<\/p>\n<p class=\"hyperion-css-1v9qo5x\">\u201dP\u00e5 det utredningsmaterial som nu finns g\u00e5r det inte att bevisa vem som \u00e4r\u00a0g\u00e4rningsman\u00a0och ytterligare utredning kan inte antas f\u00f6r\u00e4ndra bevisl\u00e4get p\u00e5 ett avg\u00f6rande s\u00e4tt.\u201d<\/p>\n<p class=\"hyperion-css-1v9qo5x\">Alltid n\u00e5got. Synd bara att det h\u00e4r beskedet kom f\u00f6rst efter att Skandiamannens exfru g\u00e5tt bort. <\/p>\n<p class=\"hyperion-css-1v9qo5x\">Hon levde \u00e4nnu d\u00e5 en man hon varit gift med pekades ut som Palmes m\u00f6rdare, n\u00e5got som sannolikt f\u00f6rm\u00f6rkade hennes sista \u00e5r.<\/p>\n<p class=\"hyperion-css-1v9qo5x\"><strong>Det var ett utpekande <\/strong>som inte var \u00c5klagarmyndighetens vackraste stund.  <\/p>\n","protected":false},"excerpt":{"rendered":"share-arrowDela unsaveSpara Det borde inte vara m\u00f6jligt att Sveriges st\u00f6rsta och s\u00e4mst sk\u00f6tta f\u00f6runders\u00f6kning drabbas av \u00e4nnu ett&hellip;\n","protected":false},"author":2,"featured_media":110947,"comment_status":"","ping_status":"","sticky":false,"template":"","format":"standard","meta":{"footnotes":""},"categories":[5],"tags":[22,23,26,27,17,21,24,25,28,29,15,16,18,34,31,33,32,30,19,20],"class_list":{"0":"post-110946","1":"post","2":"type-post","3":"status-publish","4":"format-standard","5":"has-post-thumbnail","7":"category-rubriker","8":"tag-breaking-news","9":"tag-breakingnews","10":"tag-featured-news","11":"tag-featurednews","12":"tag-headlines","13":"tag-huvudnyheter","14":"tag-latest-news","15":"tag-latestnews","16":"tag-main-news","17":"tag-mainnews","18":"tag-news","19":"tag-nyheter","20":"tag-rubriker","21":"tag-se","22":"tag-svenska","23":"tag-sverige","24":"tag-sweden","25":"tag-swedish","26":"tag-top-stories","27":"tag-topstories"},"share_on_mastodon":{"url":"https:\/\/pubeurope.com\/@se\/115745768813440650","error":""},"_links":{"self":[{"href":"https:\/\/www.europesays.com\/se\/wp-json\/wp\/v2\/posts\/110946","targetHints":{"allow":["GET"]}}],"collection":[{"href":"https:\/\/www.europesays.com\/se\/wp-json\/wp\/v2\/posts"}],"about":[{"href":"https:\/\/www.europesays.com\/se\/wp-json\/wp\/v2\/types\/post"}],"author":[{"embeddable":true,"href":"https:\/\/www.europesays.com\/se\/wp-json\/wp\/v2\/users\/2"}],"replies":[{"embeddable":true,"href":"https:\/\/www.europesays.com\/se\/wp-json\/wp\/v2\/comments?post=110946"}],"version-history":[{"count":0,"href":"https:\/\/www.europesays.com\/se\/wp-json\/wp\/v2\/posts\/110946\/revisions"}],"wp:featuredmedia":[{"embeddable":true,"href":"https:\/\/www.europesays.com\/se\/wp-json\/wp\/v2\/media\/110947"}],"wp:attachment":[{"href":"https:\/\/www.europesays.com\/se\/wp-json\/wp\/v2\/media?parent=110946"}],"wp:term":[{"taxonomy":"category","embeddable":true,"href":"https:\/\/www.europesays.com\/se\/wp-json\/wp\/v2\/categories?post=110946"},{"taxonomy":"post_tag","embeddable":true,"href":"https:\/\/www.europesays.com\/se\/wp-json\/wp\/v2\/tags?post=110946"}],"curies":[{"name":"wp","href":"https:\/\/api.w.org\/{rel}","templated":true}]}}